{"id":372027,"date":"2025-09-07T02:39:13","date_gmt":"2025-09-07T02:39:13","guid":{"rendered":"https:\/\/www.europesays.com\/fr\/372027\/"},"modified":"2025-09-07T02:39:13","modified_gmt":"2025-09-07T02:39:13","slug":"imavov-et-saint-denis-domptent-les-bresiliens-a-lufc-paris","status":"publish","type":"post","link":"https:\/\/www.europesays.com\/fr\/372027\/","title":{"rendered":"Imavov et Saint Denis domptent les Br\u00e9siliens \u00e0 l\u2019UFC Paris"},"content":{"rendered":"<p class=\"mb-4 text-lg md:leading-8 break-words\">Les Fran\u00e7ais ont r\u00e9alis\u00e9 un carton plein ce samedi 6 septembre\u00a0\u00e0 l&rsquo;Accor Arena, lors d&rsquo;une 4e \u00e9dition de l&rsquo;UFC Paris plac\u00e9e sous le signe du choc France-Br\u00e9sil. Nassourdine Imavov, Beno\u00eet Saint Denis et Oumar Sy ont chacun domin\u00e9 leurs adversaires br\u00e9siliens dans une ambiance survolt\u00e9e devenue la marque de fabrique de l&rsquo;\u00e9v\u00e9nement parisien.<\/p>\n<p class=\"mb-4 text-lg md:leading-8 break-words\">De notre envoy\u00e9 sp\u00e9cial \u00e0 l&rsquo;Accor Arena,<\/p>\n<p class=\"mb-4 text-lg md:leading-8 break-words\">\u00ab\u00a0Et un, et deux, et 3-0\u00a0!\u00a0\u00bb Les fans fran\u00e7ais avaient de bonnes raisons d&rsquo;exulter au terme du grand rendez-vous annuel du MMA en France. Les cinq combattants fran\u00e7ais engag\u00e9s samedi soir \u00e0 l&rsquo;Accor Arena, dont trois contre des Br\u00e9siliens dans le cadre d&rsquo;un choc France-Br\u00e9sil, sont tous sortis vainqueurs de leurs combats.<\/p>\n<p class=\"mb-4 text-lg md:leading-8 break-words\">C&rsquo;est bien s\u00fbr Nassourdine Imavov, num\u00e9ro 2 chez les poids moyens, qui \u00e9tait le plus attendu au bout de la soir\u00e9e parisienne. Apr\u00e8s avoir r\u00e9ussi l\u2019exploit de vaincre la l\u00e9gende Israel Adesanya en f\u00e9vrier dernier, le natif du Daghestan avait choisi de combattre \u00e0 nouveau plut\u00f4t que d&rsquo;attendre qu&rsquo;on lui offre une chance pour le titre. Face au Br\u00e9silien Caio Borralho, num\u00e9ro 7 de la cat\u00e9gorie et invaincu depuis dix ans, le Fran\u00e7ais risquait donc gros.<\/p>\n<p class=\"mb-4 text-lg md:leading-8 break-words\">Il a finalement conclu la soir\u00e9e en beaut\u00e9, au bout de cinq rounds \u00e2prement disput\u00e9s mais domin\u00e9s techniquement par un Imavov patient et chirurgical en contre. Comme chez lui\u00a0dans la salle parisienne acquise \u00e0 sa cause, \u00ab\u00a0Nassour\u00a0\u00bb a pris le temps de construire sa victoire en usant son adversaire avec des coups de poings fulgurants \u00e0 chaque ouverture. Borralho a vendu ch\u00e8rement sa peau, impressionnant de r\u00e9sistance mais interrompant bri\u00e8vement le combat \u00e0 deux reprises suite \u00e0 des coups de son adversaire tricolore.<\/p>\n<p class=\"mb-4 text-lg md:leading-8 break-words\">Si le Fran\u00e7ais n&rsquo;a pas r\u00e9ussi \u00e0 obtenir de finish spectaculaire, il est reparti avec une victoire sur d\u00e9cision unanime en interpellant m\u00eame le patron de l&rsquo;UFC, le puissant Dana White, micro en main dans la cage.\u00a0\u00ab\u00a0Dana, je suis le prochain pour le titre\u00a0\u00bb, a-t-il r\u00e9clam\u00e9 devant un public en transe. \u00ab\u00a0J\u2019avais entendu dire que vous \u00e9tiez le public le plus fou du MMA, je dois admettre que c\u2019est vrai\u00a0\u00bb, a reconnu de son c\u00f4t\u00e9 Borralho.<\/p>\n<p class=\"mb-4 text-lg md:leading-8 break-words\">Nassourdine Imavov devrait \u00e0 pr\u00e9sent obtenir sa chance de combattre pour la ceinture contre le nouveau champion de la cat\u00e9gorie, le redoutable\u00a0Khamzat Chimaev. Un choc fratricide entre les deux natifs de Russie et un d\u00e9fi immense qui n&rsquo;effraie pourtant pas le combattant fran\u00e7ais. \u00ab\u00a0Certains disaient que je ne faisais pas le poids contre Adesanya et pourtant je l&rsquo;ai battu. Il n&rsquo;y a aucun doute maintenant que je suis le prochain pour la ceinture\u00a0\u00bb, a-t-il assur\u00e9.<\/p>\n<p class=\"mb-4 text-lg md:leading-8 break-words\">\u00c0 lire aussi<a href=\"https:\/\/fr.news.yahoo.com\/r%C3%A9put%C3%A9s-%C3%AAtre-grands-guerriers-bolaji-122314687.html\" class=\"link  yahoo-link\" data-ylk=\"slk:\u00abOn est r\u00e9put\u00e9s pour \u00eatre de grands guerriers\u00bb : Bolaji Oki, un Zoulou \u00e0 l&#039;UFC Paris;elm:context_link;itc:0;sec:content-canvas;outcm:mb_qualified_link;_E:mb_qualified_link;ct:story;\" target=\"_blank\" rel=\"noopener\">\u00abOn est r\u00e9put\u00e9s pour \u00eatre de grands guerriers\u00bb : Bolaji Oki, un Zoulou \u00e0 l&rsquo;UFC Paris<\/a><\/p>\n<p>Saint Denis se relance, bilan parfait pour les Fran\u00e7ais<\/p>\n<p class=\"mb-4 text-lg md:leading-8 break-words\">Juste avant le main event, Beno\u00eet Saint Denis affrontait Mauricio Ruffy, un autre Br\u00e9silien membre du collectif des \u00ab\u00a0Fighting Nerds\u00a0\u00bb, des combattants originaires de S\u00e3o Paulo et connus pour leur style flamboyant sur la sc\u00e8ne internationale. Apr\u00e8s avoir essuy\u00e9 deux d\u00e9faites l&rsquo;ann\u00e9e derni\u00e8re contre Moicano \u00e0 Paris puis la l\u00e9gende am\u00e9ricaine Dustin Poirier, BSD avait retrouv\u00e9 la victoire \u00e0 Montr\u00e9al en mai mais devait \u00e0 pr\u00e9sent convaincre face \u00e0 un adversaire \u00e0 sa hauteur.<\/p>\n<p class=\"mb-4 text-lg md:leading-8 break-words\">Redout\u00e9 pour sa puissance de frappe, Ruffy repr\u00e9sentait certainement le d\u00e9fi le plus relev\u00e9 de la carte de cette soir\u00e9e. L&rsquo;ex-militaire fran\u00e7ais, souvent connu pour ses\u00a0exc\u00e8s guerriers dans la cage, a cette fois suivi les consignes \u00e0 la lettre. Au rythme de la Marseillaise, Saint Denis a rapidement emmen\u00e9 son adversaire au sol sans lui laisser le temps de faire parler sa puissance debout. Apr\u00e8s un 1er round ma\u00eetris\u00e9, le Fran\u00e7ais a r\u00e9ussi \u00e0 passer un gros coup de genou \u00e0 Ruffy avant de l&rsquo;user encore une fois avec sa lutte. Un choix payant\u00a0: BSD a finalement trouv\u00e9 la faille avec une prise de dos pour d\u00e9crocher la victoire par soumission et faire exulter Bercy.<\/p>\n<p class=\"mb-4 text-lg md:leading-8 break-words\">Plus t\u00f4t dans la soir\u00e9e, le Parisien Oumar Sy avait parfaitement lanc\u00e9 ouvert le choc des nations face aux Auriverde en dominant Brendson Ribeiro. Le Fran\u00e7ais a rapidement martyris\u00e9 son adversaire au sol avant d\u2019exp\u00e9dier le combat avant la fin du premier round. Chez lui, il en a profit\u00e9 pour prendre le micro au speaker et chauffer \u00e0 blanc le public qui a hurl\u00e9\u00a0\u00ab\u00a0Ici c\u2019est Paris\u00a0!\u00a0\u00bb \u00e0 l&rsquo;unisson avec plaisir. Les deux autres Tricolores en lice ce samedi soir, William Gomis et le nouveau venu Axel Sola, ont \u00e9galement chacun remport\u00e9 leur combat pour offrir \u00e0 la France un bilan parfait lors de cette \u00e9dition.<\/p>\n<p class=\"mb-4 text-lg md:leading-8 break-words\">L&rsquo;UFC Paris \u00e0 peine termin\u00e9, les fans ne devront pas attendre longtemps pour assister au prochain rendez-vous du MMA fran\u00e7ais\u00a0:\u00a0le combat pour le titre des poids lourds entre Cyril Gane et le Britannique Tom Aspinall, pr\u00e9sent ce soir \u00e0 Paris et copieusement hu\u00e9 par le public, pr\u00e9vu le 25 octobre \u00e0 Abou Dabi. Et peut-\u00eatre le couronnement tant attendu du premier champion fran\u00e7ais de l&rsquo;histoire de la discipline.<\/p>\n<p class=\"mb-4 text-lg md:leading-8 break-words\">\u00c0 lire aussi<a href=\"https:\/\/www.rfi.fr\/fr\/podcasts\/mondial-sports\/20250302-pourquoi-se-bat-on-ce-que-dit-l-essor-du-mma-de-la-soci\u00e9t\u00e9-actuelle\" class=\"link \" rel=\"nofollow noopener\" target=\"_blank\" data-ylk=\"slk:Pourquoi se bat-on\u00a0? Ce que dit l\u2019essor du MMA de la soci\u00e9t\u00e9 actuelle;elm:context_link;itc:0;sec:content-canvas\">Pourquoi se bat-on\u00a0? Ce que dit l\u2019essor du MMA de la soci\u00e9t\u00e9 actuelle<\/a><\/p>\n","protected":false},"excerpt":{"rendered":"Les Fran\u00e7ais ont r\u00e9alis\u00e9 un carton plein ce samedi 6 septembre\u00a0\u00e0 l&rsquo;Accor Arena, lors d&rsquo;une 4e \u00e9dition de&hellip;\n","protected":false},"author":2,"featured_media":372028,"comment_status":"","ping_status":"","sticky":false,"template":"","format":"standard","meta":{"footnotes":""},"categories":[1888],"tags":[1111,1928,11,1927,1777,674,1011,27,50605,24558,23882,12,1926,626,1925,25,18341],"class_list":{"0":"post-372027","1":"post","2":"type-post","3":"status-publish","4":"format-standard","5":"has-post-thumbnail","7":"category-paris","8":"tag-actu","9":"tag-actu-paris","10":"tag-actualites","11":"tag-actualites-paris","12":"tag-eu","13":"tag-europe","14":"tag-fr","15":"tag-france","16":"tag-france-bresil","17":"tag-le-francais","18":"tag-nassourdine-imavov","19":"tag-news","20":"tag-news-paris","21":"tag-paris","22":"tag-paris-news","23":"tag-republique-francaise","24":"tag-saint-denis"},"share_on_mastodon":{"url":"https:\/\/pubeurope.com\/@fr\/115160702342350034","error":""},"_links":{"self":[{"href":"https:\/\/www.europesays.com\/fr\/wp-json\/wp\/v2\/posts\/372027","targetHints":{"allow":["GET"]}}],"collection":[{"href":"https:\/\/www.europesays.com\/fr\/wp-json\/wp\/v2\/posts"}],"about":[{"href":"https:\/\/www.europesays.com\/fr\/wp-json\/wp\/v2\/types\/post"}],"author":[{"embeddable":true,"href":"https:\/\/www.europesays.com\/fr\/wp-json\/wp\/v2\/users\/2"}],"replies":[{"embeddable":true,"href":"https:\/\/www.europesays.com\/fr\/wp-json\/wp\/v2\/comments?post=372027"}],"version-history":[{"count":0,"href":"https:\/\/www.europesays.com\/fr\/wp-json\/wp\/v2\/posts\/372027\/revisions"}],"wp:featuredmedia":[{"embeddable":true,"href":"https:\/\/www.europesays.com\/fr\/wp-json\/wp\/v2\/media\/372028"}],"wp:attachment":[{"href":"https:\/\/www.europesays.com\/fr\/wp-json\/wp\/v2\/media?parent=372027"}],"wp:term":[{"taxonomy":"category","embeddable":true,"href":"https:\/\/www.europesays.com\/fr\/wp-json\/wp\/v2\/categories?post=372027"},{"taxonomy":"post_tag","embeddable":true,"href":"https:\/\/www.europesays.com\/fr\/wp-json\/wp\/v2\/tags?post=372027"}],"curies":[{"name":"wp","href":"https:\/\/api.w.org\/{rel}","templated":true}]}}