{"id":372035,"date":"2025-09-07T02:43:11","date_gmt":"2025-09-07T02:43:11","guid":{"rendered":"https:\/\/www.europesays.com\/fr\/372035\/"},"modified":"2025-09-07T02:43:11","modified_gmt":"2025-09-07T02:43:11","slug":"ce-breton-qui-aide-les-soldats-blesses-au-front","status":"publish","type":"post","link":"https:\/\/www.europesays.com\/fr\/372035\/","title":{"rendered":"ce Breton qui aide les soldats bless\u00e9s au front"},"content":{"rendered":"<p>            Par<br \/>\n        <strong><br \/>\n            <a href=\"https:\/\/actu.fr\/auteur\/celestin-deseguier\" title=\"Consulter tous les articles de Celestin de S\u00e9guier\" rel=\"nofollow noopener\" target=\"_blank\">Celestin de S\u00e9guier<\/a><br \/>\n        <\/strong><\/p>\n<p>        Publi\u00e9 le<\/p>\n<p>            6 sept. 2025 \u00e0 17h00        <\/p>\n<p>\u00ab On sent une fatigue morale de cette guerre. Rien qu\u2019en Ukraine, il y aurait au moins 80 000 amput\u00e9s depuis le d\u00e9but \u00bb, se rem\u00e9more Fabrice Josselin, en se faisant couler un caf\u00e9 dans sa cuisine \u00e0 <a href=\"https:\/\/actu.fr\/bretagne\/maen-roch_35257\" rel=\"nofollow noopener\" target=\"_blank\">Maen Roch<\/a> <b>(Ille-et-Vilaine)<\/b>. Partis <b>deux semaines en Ukraine au mois d\u2019ao\u00fbt 2025<\/b>, le quinquag\u00e9naire a particip\u00e9 avec son proth\u00e9siste au lancement d\u2019un centre de production de proth\u00e8ses \u00e0 Lviv avec une nouvelle technologie : l\u2019impression de proth\u00e8ses avec des imprimantes 3D.<\/p>\n<p>Un accident de moto<\/p>\n<p class=\" wall-content\">Amput\u00e9 suite \u00e0 des blessures caus\u00e9es par un accident de moto en 2011, Fabrice Josselin explique avoir tout fait pour sauver sa jambe. \u00ab C\u2019\u00e9tait infections sur infections. Parfois \u00e7a allait, puis \u00e7a n\u2019allait plus. Un jour <b>j\u2019ai rencontr\u00e9 un chirurgien<\/b> qui m\u2019a dit qu\u2019\u00e0 ce stade, c\u2019\u00e9tait ma jambe droite ou moi. Cette amputation m\u2019a lib\u00e9r\u00e9. \u00bb<\/p>\n<p class=\" wall-content\">Apr\u00e8s une premi\u00e8re proth\u00e8se en pl\u00e2tre, \u00ab<b> douloureuse et inconfortable<\/b> \u00bb, le Bri\u00e7ois finit par faire la rencontre d\u2019Erwan, Calvier, \u00ab un mec g\u00e9nial \u00bb.<\/p>\n<p>Former des proth\u00e9sistes ukrainiens<\/p>\n<p class=\" wall-content\">Le jeune orthoproth\u00e9siste normand, qui s\u2019est lanc\u00e9 dans ce m\u00e9tier \u00ab pour faire une proth\u00e8se \u00e0 sa grand-m\u00e8re \u00bb, travaille depuis 2021 sur cette nouvelle technologie dans le monde des proth\u00e8ses : le scan et l\u2019impression en 3D, avec sa soci\u00e9t\u00e9 OPR (Orth\u00e8se Proth\u00e8se R\u00e9\u00e9ducation) qu\u2019il a mont\u00e9 avec sa s\u0153ur et bas\u00e9e \u00e0 Rennes.<\/p>\n<p class=\" wall-content\">L\u2019objectif de ce voyage en Ukraine ? \u00ab <b>Lancer un nouveau centre de production<\/b> de proth\u00e8ses avec la technologie mise au point en France par Erwan Calvier \u00bb, explique Fabrice Josselin. Pour ce faire, il faut commencer par former les proth\u00e9sistes locaux et c\u2019est l\u00e0 que le proth\u00e9siste a fait appel \u00e0 son patient. \u00ab C\u2019est compliqu\u00e9 de travailler avec les bless\u00e9s de guerre comme cobayes donc il m\u2019a propos\u00e9 de venir avec lui. Je n\u2019ai pas h\u00e9sit\u00e9 une seconde. \u00bb<\/p>\n<p>80 000 amput\u00e9s<\/p>\n<p class=\" wall-content\">Avec quatre autres amput\u00e9s fran\u00e7ais, Fabrice Josselin et Erwan Calvier sont partis en Ukraine pendant deux semaines, entre le 8 et le 23 ao\u00fbt.\u00a0La premi\u00e8re semaine, l\u2019\u00e9quipe fran\u00e7aise en d\u00e9placement \u00e0 Lviv, \u00e0 l\u2019ouest du pays, loin du front, se rend \u00e0 l\u2019h\u00f4pital militaire pour rencontrer les \u00e9l\u00e8ves proth\u00e9sistes. \u00ab <b>Erwan a pu leu r\u00e9apprendre les bases th\u00e9oriques<\/b> de cette nouvelle technologie 3D qui permet d\u2019aller beaucoup plus vite aux \u00e9tudiants. Avant il fallait trois jours pour faire une proth\u00e8se, aujourd\u2019hui en 24 heures c\u2019est r\u00e9gl\u00e9 \u00bb, s\u2019enthousiasme Fabrice Josselin.<\/p>\n<blockquote class=\"ac-article-quote wall-content\">\n<p>On estime que 80 000 soldats ont \u00e9t\u00e9 amput\u00e9s d\u2019au moins un membre en Ukraine depuis le d\u00e9but de la guerre. Il va y avoir besoin d\u2019aider ces patients et rapidement.<\/p>\n<p>Fabrice Josselin<\/p><\/blockquote>\n<p>Un pays en guerre<\/p>\n<p class=\" wall-content\">Plong\u00e9 dans un pays en guerre o\u00f9 la vie continue Fabrice Josselin d\u00e9couvre le paradoxe de ce quotidien. \u00ab C\u2019est \u00e0 la fois <b>une ville tr\u00e8s belle, ou la vie bat son plein<\/b> et une ville en guerre. Dans la rue, les gens nous prenaient pour des soldats et venaient nous remercier. \u00bb<\/p>\n<p>Votre r\u00e9gion, votre actu !<\/p>\n<p>Recevez chaque jour les infos qui comptent pour vous.<\/p>\n<p>\t<a href=\"https:\/\/actu.fr\/newsletter\" class=\"ac-btn ac-btn--corner ac-btn--medium ac-btn--blue800\" rel=\"nofollow noopener\" target=\"_blank\">S&rsquo;incrire<\/a><\/p>\n<p class=\" wall-content\">Tous les matins \u00e0 9 h, pendant une minute, le pays s\u2019arr\u00eate. \u00ab Que vous soyez sur la route, dans la rue, les voitures s\u2019arr\u00eate et les radios diffusent un message de soutien au pays ou le pr\u00e9sident Zelenski parle, c\u2019est vraiment prenant. \u00bb<\/p>\n<p>Imprimantes 3D<\/p>\n<p class=\" wall-content\">Pendant la deuxi\u00e8me semaine, l\u2019\u00e9quipe d\u2019Erwan Calvier s\u2019est d\u00e9di\u00e9 au lancement op\u00e9rationnel du centre de production de proth\u00e8se. \u00ab Les 20 \u00e9l\u00e8ves travaillaient sur 20 imprimantes 3D avec un objectif : <b>\u00eatre op\u00e9rationnels le plus rapidement possible<\/b>. \u00bb<\/p>\n<p>    <img   decoding=\"async\" loading=\"lazy\" class=\"size-large\" src=\"https:\/\/www.europesays.com\/fr\/wp-content\/uploads\/2025\/09\/064a266cb6b867a4a266cb6b83e4a2v-768x640.jpg\" alt=\"Fabrice Josselin, \u00e0 droite, avec ses coll\u00e8gues fran\u00e7ais et deux soldtas ukrainiens.\" width=\"768\" height=\"640\"\/><br \/>\n    Fabrice Josselin, \u00e0 droite, avec ses coll\u00e8gues fran\u00e7ais et deux soldtas ukrainiens. \u00a9C\u00e9lestin de S\u00e9guier<\/p>\n<p class=\" wall-content\">Avec eux pendant tout le voyage, une traductrice a permis aux fran\u00e7ais d\u2019avoir de nombreux \u00e9changes avec les Ukrainiens, notamment \u00e0 la fin du s\u00e9jour quand ils ont eu des temps d\u2019\u00e9changes avec des amput\u00e9s de guerre. \u00ab Nous en avons vu huit. Pour eux, voir qu\u2019il est possible de reprendre une vie normale, \u00e7a donne beaucoup d\u2019espoir. \u00bb<\/p>\n<p class=\" wall-content\">Le plus impressionnant ? \u00ab <b>Leur regard. Ils ont les yeux de ceux qui en ont un peu trop vu.<\/b> On sent une fatigue de la guerre, on sent qu\u2019ils en ont marre et c\u2019est surement la m\u00eame chose du c\u00f4t\u00e9 russe. \u00bb<\/p>\n<p>\u00ab On s\u2019est soign\u00e9s \u00bb<\/p>\n<p class=\" wall-content\">Avant son accident de la route, Fabrice Josselin \u00e9tait pompier professionnel et a l\u2019habitude de voir \u00ab des choses difficiles \u00bb, comme il le rappelle. \u00ab Le soir on a d\u00e9compress\u00e9 un peu, pris le temps de parler,<b> c\u2019\u00e9tait th\u00e9rapeutique et une grande aventure humaine<\/b>. On s\u2019est soign\u00e9s nous et on a aid\u00e9 des soldats \u00e0 se soigner. Erwan nous a offert un cadeau immense. \u00bb<\/p>\n<p class=\" wall-content\">Personnalisez votre actualit\u00e9 en ajoutant vos villes et m\u00e9dias en favori avec <a href=\"https:\/\/moncompte.actu.fr\" title=\"D\u00e9couvez Mon Actu\" rel=\"nofollow noopener\" data-trk=\"{&quot;cta&quot;:{&quot;action&quot;:&quot;https:\\\/\\\/moncompte.actu.fr&quot;,&quot;category&quot;:&quot;mon compte&quot;,&quot;from&quot;:&quot;article footer&quot;,&quot;name&quot;:&quot;Mon actu&quot;,&quot;type&quot;:&quot;cta&quot;}}\" target=\"_blank\">Mon Actu<\/a>.<\/p>\n","protected":false},"excerpt":{"rendered":"Par Celestin de S\u00e9guier Publi\u00e9 le 6 sept. 2025 \u00e0 17h00 \u00ab On sent une fatigue morale de&hellip;\n","protected":false},"author":2,"featured_media":372036,"comment_status":"","ping_status":"","sticky":false,"template":"","format":"standard","meta":{"footnotes":""},"categories":[1590],"tags":[11,1777,674,131,1943,12,104,220],"class_list":{"0":"post-372035","1":"post","2":"type-post","3":"status-publish","4":"format-standard","5":"has-post-thumbnail","7":"category-ukraine","8":"tag-actualites","9":"tag-eu","10":"tag-europe","11":"tag-guerre-en-ukraine","12":"tag-handicap","13":"tag-news","14":"tag-societe","15":"tag-ukraine"},"share_on_mastodon":{"url":"https:\/\/pubeurope.com\/@fr\/115160718355076755","error":""},"_links":{"self":[{"href":"https:\/\/www.europesays.com\/fr\/wp-json\/wp\/v2\/posts\/372035","targetHints":{"allow":["GET"]}}],"collection":[{"href":"https:\/\/www.europesays.com\/fr\/wp-json\/wp\/v2\/posts"}],"about":[{"href":"https:\/\/www.europesays.com\/fr\/wp-json\/wp\/v2\/types\/post"}],"author":[{"embeddable":true,"href":"https:\/\/www.europesays.com\/fr\/wp-json\/wp\/v2\/users\/2"}],"replies":[{"embeddable":true,"href":"https:\/\/www.europesays.com\/fr\/wp-json\/wp\/v2\/comments?post=372035"}],"version-history":[{"count":0,"href":"https:\/\/www.europesays.com\/fr\/wp-json\/wp\/v2\/posts\/372035\/revisions"}],"wp:featuredmedia":[{"embeddable":true,"href":"https:\/\/www.europesays.com\/fr\/wp-json\/wp\/v2\/media\/372036"}],"wp:attachment":[{"href":"https:\/\/www.europesays.com\/fr\/wp-json\/wp\/v2\/media?parent=372035"}],"wp:term":[{"taxonomy":"category","embeddable":true,"href":"https:\/\/www.europesays.com\/fr\/wp-json\/wp\/v2\/categories?post=372035"},{"taxonomy":"post_tag","embeddable":true,"href":"https:\/\/www.europesays.com\/fr\/wp-json\/wp\/v2\/tags?post=372035"}],"curies":[{"name":"wp","href":"https:\/\/api.w.org\/{rel}","templated":true}]}}