{"id":372037,"date":"2025-09-07T02:44:28","date_gmt":"2025-09-07T02:44:28","guid":{"rendered":"https:\/\/www.europesays.com\/fr\/372037\/"},"modified":"2025-09-07T02:44:28","modified_gmt":"2025-09-07T02:44:28","slug":"le-complexe-militaro-industriel-regne-en-maitre-a-washington","status":"publish","type":"post","link":"https:\/\/www.europesays.com\/fr\/372037\/","title":{"rendered":"\u00ab le complexe militaro-industriel r\u00e8gne en ma\u00eetre \u00e0 Washington \u00bb"},"content":{"rendered":"<p data-beyondwords-marker=\"850c12c3-0174-4956-87b8-b6191c0ec353\"><strong>Jeffrey Sachs a conseill\u00e9 de nombreux gouvernements dans les ann\u00e9es 1980 et 1990, plaidant pour une \u00ab\u00a0th\u00e9rapie de choc\u00a0\u00bb visant \u00e0 lib\u00e9raliser leur \u00e9conomie \u00e0 marche forc\u00e9e. B\u00eate noire du mouvement altermondialiste, il rejoint aujourd\u2019hui nombre de ses positionnements, plaidant pour un ordre mondial plus \u00e9quilibr\u00e9, lib\u00e9r\u00e9 du pouvoir de la finance et des interventions militaires occidentales. Tr\u00e8s suivies aux \u00c9tats-Unis, ses analyses ne sont que tr\u00e8s rarement relay\u00e9es par la presse fran\u00e7aise. <a href=\"https:\/\/www.jeffsachs.org\/interviewsandmedia\/t6n44ysg24fn8hbn68ertlp4hcrtpf\" target=\"_blank\" rel=\"noopener\">Oppos\u00e9 d\u00e8s le premier jour au soutien am\u00e9ricain \u00e0 Isra\u00ebl<\/a> dans ses bombardements sur Gaza, il critique \u00e9galement la politique russo-ukrainienne de Washington. Apr\u00e8s un <a href=\"https:\/\/lvsl.fr\/ukraine-choisir-la-voie-du-moindre-mal-entretien-avec-matt-duss\/\" target=\"_blank\" rel=\"noopener\">entretien avec Matt Duss<\/a>, ancien conseiller en politique \u00e9trang\u00e8re de Bernie Sanders, Le Vent Se L\u00e8ve donne la parole \u00e0 cet autre intellectuel am\u00e9ricain peu relay\u00e9 outre-Atlantique.<\/strong><\/p>\n<p data-beyondwords-marker=\"33c84651-f670-45b1-8e0a-382b87d9a8ff\"><strong>LVSL \u2013 L\u2019administration Trump dispose-t-elle d\u2019une v\u00e9ritable vision de politique \u00e9trang\u00e8re concernant le conflit russo-ukrainien\u00a0? Les \u00ab\u00a0isolationnistes\u00a0\u00bb du courant Make America Great Again (MAGA) [nom donn\u00e9 \u00e0 la base \u00e9lectorale et militante de Donald Trump, essentiellement inorganique NDLR] n\u2019ont pas d\u00e9sarm\u00e9, mais les \u00ab\u00a0faucons\u00a0\u00bb traditionnels semblent en meilleure posture que jamais. Pensez-vous que l\u2019administration Trump incarne une voie autonome en mati\u00e8re de politique \u00e9trang\u00e8re, au-del\u00e0 d\u2019une tentative de concilier ces deux camps contradictoires\u00a0?<\/strong><\/p>\n<p data-beyondwords-marker=\"5ebfc25b-d7e4-4806-805d-6f254877e6ea\"><strong>Jeffrey Sachs \u2013<\/strong> Le complexe militaro-industriel, qui comprend la CIA, les commissions parlementaires des forces arm\u00e9es, la NSA, les industriels de l\u2019armement et une partie du Pentagone, souhaite la poursuite de la guerre. C\u2019est lucratif en termes de ventes d\u2019armes et cela affaiblit la Russie \u2013 du moins selon eux -, quitte \u00e0 sacrifier l\u2019Ukraine. D\u2019autres veulent l\u2019arr\u00eat du conflit\u00a0: certains par d\u00e9sir de paix, d\u2019autres pour concentrer leur attention sur l\u2019affrontement \u00e0 venir avec la Chine. Le r\u00e9sultat est un assemblage incoh\u00e9rent, domin\u00e9 par un pr\u00e9sident lui-m\u00eame incoh\u00e9rent, \u00e0 l\u2019attention limit\u00e9e, sans compr\u00e9hension r\u00e9elle et incapable de formuler une vision strat\u00e9gique.<\/p>\n<p data-beyondwords-marker=\"75afdc89-7ca5-4628-b267-1cdaaaf0bad2\"><strong>LVSL \u2013 Vous estimez que la Russie n\u2019est pas l\u2019obstacle principal \u00e0 la paix. Pourquoi\u00a0?<\/strong><\/p>\n<blockquote data-beyondwords-marker=\"bd15b712-7078-4719-8950-2b66a7d930d0\" class=\"wp-block-quote is-layout-flow wp-block-quote-is-layout-flow\">\n<p data-beyondwords-marker=\"8369c463-fdbb-4bc6-bad6-9aae35ff4223\">Depuis plus de quatre-vingt ans, de nombreux pays neutres en Europe ont \u00e9chapp\u00e9 aux ravages de la guerre comme aux tensions de la Guerre froide. <\/p>\n<\/blockquote>\n<p data-beyondwords-marker=\"8369c463-fdbb-4bc6-bad6-9aae35ff4223\"><strong>JS \u2013 <\/strong>La guerre d\u00e9coule de l\u2019effort men\u00e9 par le complexe militaro-industriel, depuis 1991, pour affaiblir la Russie, voire la fragmenter \u2013 ou la \u00ab\u00a0d\u00e9coloniser\u00a0\u00bb, selon le jargon en vogue \u00e0 Washington. Cela s\u2019est traduit par l\u2019\u00e9largissement de l\u2019OTAN, l\u2019abandon par les \u00c9tats-Unis des trait\u00e9s de ma\u00eetrise des armements nucl\u00e9aires, des \u00ab\u00a0r\u00e9volutions de couleur\u00a0\u00bb (y compris le Ma\u00efdan de f\u00e9vrier 2014), le renforcement de l\u2019arm\u00e9e ukrainienne et, bien s\u00fbr, l\u2019invitation faite \u00e0 l\u2019Ukraine et \u00e0 la G\u00e9orgie de rejoindre l\u2019Alliance afin d\u2019encercler la Russie en mer Noire. Tout cela avait \u00e9t\u00e9 expos\u00e9 en d\u00e9tail par Zbigniew Brzezinski d\u00e8s 1997, dans son <a href=\"https:\/\/www.jstor.org\/stable\/20048199\" target=\"_blank\" rel=\"noopener\">article<\/a> \u00ab\u00a0A Geostrategy for Eurasia\u00a0\u00bb et dans son <a href=\"https:\/\/www.cia.gov\/library\/abbottabad-compound\/36\/36669B7894E857AC4F3445EA646BFFE1_Zbigniew_Brzezinski_-_The_Grand_ChessBoard.doc.pdf\" target=\"_blank\" rel=\"noopener\">ouvrage<\/a> The Grand Chessboard.<\/p>\n<p><strong>LVSL \u2013 Certains responsables russes d\u00e9crivent les ann\u00e9es 1990 comme une d\u00e9cennie de faiblesse nationale et de chaos institutionnel. Vous qui avez particip\u00e9 \u00e0 la promotion de la \u00ab\u00a0th\u00e9rapie de choc\u00a0\u00bb en Russie, quel regard r\u00e9trospectif portez-vous sur le r\u00f4le des \u00c9tats-Unis dans cette p\u00e9riode\u00a0? L\u2019imposition d\u2019une transition radicale vers l\u2019\u00e9conomie de march\u00e9 a-t-elle contribu\u00e9 \u00e0 nourrir l\u2019antagonisme actuel\u00a0?<\/strong><\/p>\n<p data-beyondwords-marker=\"2bda4006-06e4-4c6e-9745-8bfdf6d3a9cd\"><strong>JS \u2013<\/strong> <a href=\"https:\/\/www.jeffsachs.org\/newspaper-articles\/bfsmbpe4plx7cc6lgxhf37lx249r22?rq=How%20the%20Neocons\" target=\"_blank\" rel=\"noopener\">Comme je l\u2019ai expliqu\u00e9 dans cet article<\/a>, le gouvernement am\u00e9ricain a refus\u00e9 d\u2019apporter un soutien financier \u00e0 l\u2019Union sovi\u00e9tique en 1990-1991, puis \u00e0 la Russie \u00e0 partir de 1992, alors qu\u2019une telle aide aurait grandement contribu\u00e9 \u00e0 stabiliser l\u2019\u00e9conomie. Ce fut, \u00e0 mes yeux, une d\u00e9cision d\u00e9lib\u00e9r\u00e9e de Washington visant \u00e0 affaiblir la Russie, ou du moins \u00e0 prolonger son d\u00e9clin. Le probl\u00e8me n\u2019\u00e9tait pas la transition vers une \u00e9conomie de march\u00e9 en tant que telle \u2013 qui a port\u00e9 ses fruits en Pologne et ailleurs \u2013 mais bien la d\u00e9cision am\u00e9ricaine de ne pas accompagner ce processus. Les <a href=\"https:\/\/www.jeffsachs.org\/s\/NSC-Meeting-June-3-1991-Grand-Bargain.pdf\" target=\"_blank\" rel=\"noopener\">comptes-rendus de la r\u00e9union du Conseil de s\u00e9curit\u00e9 nationale<\/a> du 4 juin 1991 illustrent la myopie, la superficialit\u00e9 et m\u00eame l\u2019ignorance des d\u00e9cideurs am\u00e9ricains de l\u2019\u00e9poque.<\/p>\n<p data-beyondwords-marker=\"2bda4006-06e4-4c6e-9745-8bfdf6d3a9cd\"><strong>LVSL \u2013 Comment une administration progressiste am\u00e9ricaine pourrait-elle prendre en compte les demandes de s\u00e9curit\u00e9 de l\u2019Ukraine sans menacer la Russie\u00a0? Y a-t-il un chemin qui permettrait de concilier garanties de s\u00e9curit\u00e9 pour Kiev et neutralisation, voire d\u00e9militarisation partielle du pays, comme Moscou l\u2019exige\u00a0?<\/strong><\/p>\n<p data-beyondwords-marker=\"8abf0471-cfe7-4535-9ffe-1f0e45025a9c\"><strong>JS \u2013<\/strong> Depuis plus de quatre-vingt ans, de nombreux pays neutres en Europe ont \u00e9chapp\u00e9 aussi bien aux ravages de la guerre qu\u2019aux tensions de la Guerre froide. On peut penser \u00e0 la Suisse, \u00e0 l\u2019Autriche (apr\u00e8s 1955), \u00e0 la Su\u00e8de ou encore \u00e0 la Finlande. Si l\u2019Ukraine adoptait la neutralit\u00e9, elle serait en s\u00e9curit\u00e9, car ni la Russie ni les \u00c9tats-Unis n\u2019auraient alors la possibilit\u00e9 de la d\u00e9stabiliser, ni de motivations \u00e0 le faire. C\u2019est la volont\u00e9 am\u00e9ricaine d\u2019int\u00e9grer l\u2019Ukraine \u00e0 l\u2019OTAN qui a d\u00e9stabilis\u00e9 la r\u00e9gion. La neutralit\u00e9 devrait \u00eatre garantie par une r\u00e9solution du Conseil de s\u00e9curit\u00e9 de l\u2019ONU, impliquant les \u00c9tats-Unis, le Royaume-Uni, la France, la Russie et la Chine.<\/p>\n<blockquote data-beyondwords-marker=\"909cdc38-e069-4c23-a5f8-766a0bd87bf4\" class=\"wp-block-quote is-layout-flow wp-block-quote-is-layout-flow\">\n<p data-beyondwords-marker=\"7b14c105-dea9-4a3a-af75-84301bd02a63\">Les deux formations repr\u00e9sent\u00e9es au Congr\u00e8s, r\u00e9publicaine comme d\u00e9mocrate, sont sous l\u2019emprise du complexe militaro-industriel<\/p>\n<\/blockquote>\n<p data-beyondwords-marker=\"1f933b1b-82b9-4621-90df-fcbca442bdf8\">Bien s\u00fbr, apr\u00e8s onze ann\u00e9es de guerre, il y aura aussi des changements territoriaux li\u00e9s aux pertes subies par l\u2019Ukraine sur le champ de bataille. Avant le coup d\u2019\u00c9tat \u00ab\u00a0euro-Ma\u00efdan\u00a0\u00bb, en f\u00e9vrier 2014, la Russie ne revendiquait aucune modification de fronti\u00e8res [en 2014, des opposants au gouvernement ukrainien de Viktor Ianoukovytch renversent celui-ci\u00a0; les autorit\u00e9s ukrainiennes issues du soul\u00e8vement suppriment la r\u00e9f\u00e9rence \u00e0 la neutralit\u00e9 du pays dans la Constitution NDLR]. Apr\u00e8s ce renversement, Moscou a annex\u00e9 la Crim\u00e9e pour l\u2019emp\u00eacher de tomber aux mains de l\u2019OTAN. Si l\u2019Ukraine avait correctement appliqu\u00e9 les accords de Minsk II, la Russie n\u2019aurait formul\u00e9 aucune revendication territoriale sur le Donbass, mais seulement exig\u00e9 une autonomie, comme le pr\u00e9voyait Minsk II. Malheureusement, l\u2019Occident et l\u2019Ukraine ont choisi de ne pas mettre en \u0153uvre cet accord \u2013 encore une d\u00e9cision insens\u00e9e des \u00c9tats-Unis.<\/p>\n<p data-beyondwords-marker=\"222a77b4-f170-4f5b-8cd1-a4b0564882fe\"><strong>LVSL \u2013 Comment anticipez-vous la r\u00e9action des d\u00e9mocrates en cas d\u2019accord \u00e9quilibr\u00e9 entre la Russie et l\u2019Ukraine, assorti d\u2019un all\u00e8gement des sanctions am\u00e9ricaines\u00a0?<\/strong><\/p>\n<p data-beyondwords-marker=\"d9dc2362-22e4-45e5-a7da-1e7f5c8d4e26\"><strong>JS \u2013<\/strong> Je m\u2019attends \u00e0 ce que tout accord de paix r\u00e9aliste soit stigmatis\u00e9 comme volont\u00e9 \u00ab\u00a0d\u2019apaisement\u00a0\u00bb. Washington fourmille de va-t-en-guerre. Il n\u2019y a pas de parti de la paix. Le complexe militaro-industriel y r\u00e8gne en ma\u00eetre.<\/p>\n<p data-beyondwords-marker=\"fa56558e-6bb0-4f83-b416-64e52790e40b\"><strong>LVSL \u2013 Le mouvement \u00ab\u00a0MAGA\u00a0\u00bb exprime une vive opposition aux \u00ab\u00a0guerres sans fin\u00a0\u00bb. Pensez-vous que les progressistes devraient, et pourraient, s\u2019appuyer sur ce puissant sentiment anti-guerre pr\u00e9sent dans la base \u00e9lectorale de Trump\u00a0?<\/strong><\/p>\n<p data-beyondwords-marker=\"70521f39-4232-4682-b657-0655f4fe58f2\"><strong>JS \u2013<\/strong> Les \u00c9tats-Unis ont besoin d\u2019un v\u00e9ritable parti de la paix. Les deux formations repr\u00e9sent\u00e9es au Congr\u00e8s, r\u00e9publicaine comme d\u00e9mocrate, sont sous l\u2019emprise du complexe militaro-industriel.<\/p>\n","protected":false},"excerpt":{"rendered":"Jeffrey Sachs a conseill\u00e9 de nombreux gouvernements dans les ann\u00e9es 1980 et 1990, plaidant pour une \u00ab\u00a0th\u00e9rapie de&hellip;\n","protected":false},"author":2,"featured_media":372038,"comment_status":"","ping_status":"","sticky":false,"template":"","format":"standard","meta":{"footnotes":""},"categories":[1589],"tags":[11,73,1866,1146,50606,12,220,1864,1865,1863,308],"class_list":{"0":"post-372037","1":"post","2":"type-post","3":"status-publish","4":"format-standard","5":"has-post-thumbnail","7":"category-etats-unis","8":"tag-actualites","9":"tag-etats-unis","10":"tag-etats-unis-damerique","11":"tag-guerre","12":"tag-jeffrey-sachs","13":"tag-news","14":"tag-ukraine","15":"tag-united-states","16":"tag-united-states-of-america","17":"tag-us","18":"tag-usa"},"share_on_mastodon":{"url":"https:\/\/pubeurope.com\/@fr\/115160721898720362","error":""},"_links":{"self":[{"href":"https:\/\/www.europesays.com\/fr\/wp-json\/wp\/v2\/posts\/372037","targetHints":{"allow":["GET"]}}],"collection":[{"href":"https:\/\/www.europesays.com\/fr\/wp-json\/wp\/v2\/posts"}],"about":[{"href":"https:\/\/www.europesays.com\/fr\/wp-json\/wp\/v2\/types\/post"}],"author":[{"embeddable":true,"href":"https:\/\/www.europesays.com\/fr\/wp-json\/wp\/v2\/users\/2"}],"replies":[{"embeddable":true,"href":"https:\/\/www.europesays.com\/fr\/wp-json\/wp\/v2\/comments?post=372037"}],"version-history":[{"count":0,"href":"https:\/\/www.europesays.com\/fr\/wp-json\/wp\/v2\/posts\/372037\/revisions"}],"wp:featuredmedia":[{"embeddable":true,"href":"https:\/\/www.europesays.com\/fr\/wp-json\/wp\/v2\/media\/372038"}],"wp:attachment":[{"href":"https:\/\/www.europesays.com\/fr\/wp-json\/wp\/v2\/media?parent=372037"}],"wp:term":[{"taxonomy":"category","embeddable":true,"href":"https:\/\/www.europesays.com\/fr\/wp-json\/wp\/v2\/categories?post=372037"},{"taxonomy":"post_tag","embeddable":true,"href":"https:\/\/www.europesays.com\/fr\/wp-json\/wp\/v2\/tags?post=372037"}],"curies":[{"name":"wp","href":"https:\/\/api.w.org\/{rel}","templated":true}]}}