{"id":372039,"date":"2025-09-07T02:45:13","date_gmt":"2025-09-07T02:45:13","guid":{"rendered":"https:\/\/www.europesays.com\/fr\/372039\/"},"modified":"2025-09-07T02:45:13","modified_gmt":"2025-09-07T02:45:13","slug":"avis-aux-usagers-greve-dans-les-transports-londoniens","status":"publish","type":"post","link":"https:\/\/www.europesays.com\/fr\/372039\/","title":{"rendered":"Avis aux usagers &#8211; Gr\u00e8ve dans les transports londoniens"},"content":{"rendered":"<p><strong>En raison des mouvements de gr\u00e8ve annonc\u00e9s dans les transports londoniens la semaine prochaine, l\u2019accueil du public au consulat pourrait \u00eatre affect\u00e9 par des d\u00e9lais d\u2019attente plus importants qu\u2019\u00e0 l\u2019accoutum\u00e9e.<\/strong><\/p>\n<p>Le consulat remercie ses usagers de leur compr\u00e9hension et assure mettre tout en \u0153uvre afin de limiter l\u2019impact de ces perturbations.<\/p>\n","protected":false},"excerpt":{"rendered":"En raison des mouvements de gr\u00e8ve annonc\u00e9s dans les transports londoniens la semaine prochaine, l\u2019accueil du public au&hellip;\n","protected":false},"author":2,"featured_media":372040,"comment_status":"","ping_status":"","sticky":false,"template":"","format":"standard","meta":{"footnotes":""},"categories":[1588],"tags":[11,1777,674,12,473,1853,1851,1850,1852],"class_list":{"0":"post-372039","1":"post","2":"type-post","3":"status-publish","4":"format-standard","5":"has-post-thumbnail","7":"category-royaume-uni","8":"tag-actualites","9":"tag-eu","10":"tag-europe","11":"tag-news","12":"tag-royaume-uni","13":"tag-royaume-uni-de-grande-bretagne-et-dirlande-du-nord","14":"tag-uk","15":"tag-united-kingdom","16":"tag-united-kingdom-of-great-britain-and-northern-ireland"},"share_on_mastodon":{"url":"https:\/\/pubeurope.com\/@fr\/115160725810152929","error":""},"_links":{"self":[{"href":"https:\/\/www.europesays.com\/fr\/wp-json\/wp\/v2\/posts\/372039","targetHints":{"allow":["GET"]}}],"collection":[{"href":"https:\/\/www.europesays.com\/fr\/wp-json\/wp\/v2\/posts"}],"about":[{"href":"https:\/\/www.europesays.com\/fr\/wp-json\/wp\/v2\/types\/post"}],"author":[{"embeddable":true,"href":"https:\/\/www.europesays.com\/fr\/wp-json\/wp\/v2\/users\/2"}],"replies":[{"embeddable":true,"href":"https:\/\/www.europesays.com\/fr\/wp-json\/wp\/v2\/comments?post=372039"}],"version-history":[{"count":0,"href":"https:\/\/www.europesays.com\/fr\/wp-json\/wp\/v2\/posts\/372039\/revisions"}],"wp:featuredmedia":[{"embeddable":true,"href":"https:\/\/www.europesays.com\/fr\/wp-json\/wp\/v2\/media\/372040"}],"wp:attachment":[{"href":"https:\/\/www.europesays.com\/fr\/wp-json\/wp\/v2\/media?parent=372039"}],"wp:term":[{"taxonomy":"category","embeddable":true,"href":"https:\/\/www.europesays.com\/fr\/wp-json\/wp\/v2\/categories?post=372039"},{"taxonomy":"post_tag","embeddable":true,"href":"https:\/\/www.europesays.com\/fr\/wp-json\/wp\/v2\/tags?post=372039"}],"curies":[{"name":"wp","href":"https:\/\/api.w.org\/{rel}","templated":true}]}}