{"id":372043,"date":"2025-09-07T02:47:19","date_gmt":"2025-09-07T02:47:19","guid":{"rendered":"https:\/\/www.europesays.com\/fr\/372043\/"},"modified":"2025-09-07T02:47:19","modified_gmt":"2025-09-07T02:47:19","slug":"eurobasket-2025-theo-maledon-un-retour-en-europe-salvateur-jy-suis-alle-a-fond","status":"publish","type":"post","link":"https:\/\/www.europesays.com\/fr\/372043\/","title":{"rendered":"EuroBasket 2025 &#8211; Th\u00e9o Maledon, un retour en Europe salvateur : \u00ab J&rsquo;y suis all\u00e9 \u00e0 fond \u00bb"},"content":{"rendered":"<p>Un travail mental pour voir le jeu diff\u00e9remment<\/p>\n<p>Pour un meneur de jeu, il est essentiel de guider son \u00e9quipe dans le jeu, mais \u00e9galement par la voix.<\/p>\n<p>Ainsi, pour am\u00e9liorer sa pr\u00e9sence et son leadership, Th\u00e9o Maledon a \u00e9t\u00e9 conseill\u00e9 par des pr\u00e9parateurs mentaux, provoquant un d\u00e9clic d\u00e9cisif dans sa carri\u00e8re.<\/p>\n<p>\u00ab J\u2019ai commenc\u00e9 il y a environ an et demi. Je prenais des s\u00e9ances avec deux pr\u00e9parateurs mentaux, un am\u00e9ricain et un fran\u00e7ais, et en g\u00e9n\u00e9ral je faisais une s\u00e9ance par semaine. \u00bb<\/p>\n<p>Lors de ses s\u00e9ances, le prochain joueur du Real Madrid a progress\u00e9 dans sa gestion mentale des grands rendez-vous et dans ses routines d\u2019avant-match.<\/p>\n<p>Mais pas seulement. Il a aussi trouv\u00e9 la cl\u00e9 pour transposer ses id\u00e9es et ses envies sur le terrain.<\/p>\n<p>Plus agressif et plus confiant, il a ainsi \u00e9t\u00e9 <strong>le joueur ayant tir\u00e9 le plus de lancers francs lors de la saison 2024-2025 d\u2019Euroleague<\/strong>, avec 6,3 par match.<\/p>\n<p>\u00ab Je voulais \u00eatre capable de montrer sur le terrain, ce que j\u2019avais en t\u00eate, plus m\u2019amuser, \u00eatre plus vocal, mais surtout dans le bien-\u00eatre de mani\u00e8re g\u00e9n\u00e9ral \u00bb<\/p>\n<p>Dans une \u00e9quipe de France aux nombreuses armes offensives, Th\u00e9o Maledon peut apporter des deux c\u00f4t\u00e9s du terrain, sa taille lui permettant de pouvoir d\u00e9fendre sur des meneurs, des arri\u00e8res, voire m\u00eame sur certaines s\u00e9quences face \u00e0 des ailiers.<\/p>\n<p>\u00ab Ce dont l&rsquo;\u00e9quipe a besoin, je peux l&rsquo;apporter, que ce soit l&rsquo;agressivit\u00e9, du tir. De toute mani\u00e8re je ne me mets pas de limites. Je pense que d\u00e9fensivement aussi, chaque fois que l&rsquo;\u00e9quipe de France gagne, c&rsquo;est en grande partie gr\u00e2ce \u00e0 sa d\u00e9fense. \u00bb<\/p>\n<p>Face \u00e0 la G\u00e9orgie, il apportera son exp\u00e9rience \u00e0 l\u2019\u00e9quipe la plus jeune de la comp\u00e9tition. Il \u00e9tait pr\u00e9sent dans les rangs de la France lors du dernier EuroBasket, qui avait miraculeusement renvers\u00e9 la T\u00fcrkiye en huiti\u00e8mes de finale (87-86 a.p.).<\/p>\n<p>\u00ab Je me souviens de la fin du match, qui \u00e9tait tr\u00e8s inattendue mais qui \u00e9tait tomb\u00e9e du bon c\u00f4t\u00e9 pour nous. Du d\u00e9but \u00e0 la fin, il faudra que l\u2019on joue notre basket, notre ADN, tant que le match n&rsquo;est pas fini, tant qu&rsquo;il n&rsquo;y a pas 0,0 seconde sur le chrono. \u00bb<\/p>\n","protected":false},"excerpt":{"rendered":"Un travail mental pour voir le jeu diff\u00e9remment Pour un meneur de jeu, il est essentiel de guider&hellip;\n","protected":false},"author":2,"featured_media":372044,"comment_status":"","ping_status":"","sticky":false,"template":"","format":"standard","meta":{"footnotes":""},"categories":[1586],"tags":[11,1777,674,1011,27,12,25],"class_list":{"0":"post-372043","1":"post","2":"type-post","3":"status-publish","4":"format-standard","5":"has-post-thumbnail","7":"category-europe","8":"tag-actualites","9":"tag-eu","10":"tag-europe","11":"tag-fr","12":"tag-france","13":"tag-news","14":"tag-republique-francaise"},"share_on_mastodon":{"url":"https:\/\/pubeurope.com\/@fr\/115160733721250611","error":""},"_links":{"self":[{"href":"https:\/\/www.europesays.com\/fr\/wp-json\/wp\/v2\/posts\/372043","targetHints":{"allow":["GET"]}}],"collection":[{"href":"https:\/\/www.europesays.com\/fr\/wp-json\/wp\/v2\/posts"}],"about":[{"href":"https:\/\/www.europesays.com\/fr\/wp-json\/wp\/v2\/types\/post"}],"author":[{"embeddable":true,"href":"https:\/\/www.europesays.com\/fr\/wp-json\/wp\/v2\/users\/2"}],"replies":[{"embeddable":true,"href":"https:\/\/www.europesays.com\/fr\/wp-json\/wp\/v2\/comments?post=372043"}],"version-history":[{"count":0,"href":"https:\/\/www.europesays.com\/fr\/wp-json\/wp\/v2\/posts\/372043\/revisions"}],"wp:featuredmedia":[{"embeddable":true,"href":"https:\/\/www.europesays.com\/fr\/wp-json\/wp\/v2\/media\/372044"}],"wp:attachment":[{"href":"https:\/\/www.europesays.com\/fr\/wp-json\/wp\/v2\/media?parent=372043"}],"wp:term":[{"taxonomy":"category","embeddable":true,"href":"https:\/\/www.europesays.com\/fr\/wp-json\/wp\/v2\/categories?post=372043"},{"taxonomy":"post_tag","embeddable":true,"href":"https:\/\/www.europesays.com\/fr\/wp-json\/wp\/v2\/tags?post=372043"}],"curies":[{"name":"wp","href":"https:\/\/api.w.org\/{rel}","templated":true}]}}