{"id":372047,"date":"2025-09-07T02:49:19","date_gmt":"2025-09-07T02:49:19","guid":{"rendered":"https:\/\/www.europesays.com\/fr\/372047\/"},"modified":"2025-09-07T02:49:19","modified_gmt":"2025-09-07T02:49:19","slug":"jelonch-capitaine-ntamack-et-ramos-titulaires-le-stade-toulousain-ambitieux-a-clermont","status":"publish","type":"post","link":"https:\/\/www.europesays.com\/fr\/372047\/","title":{"rendered":"Jelonch capitaine, Ntamack et Ramos titulaires, le Stade Toulousain ambitieux \u00e0 Clermont"},"content":{"rendered":"<p>Ce dimanche soir, les triples champions de France font leur rentr\u00e9e \u00e0 Clermont. O\u00f9 ils n\u2019ont plus perdu depuis 2022.<\/p>\n<p class=\"fig-paragraph\">Reprise sous tension pour les Toulousains qui se d\u00e9placent, ce dimanche soir, \u00e0 Clermont en cl\u00f4ture de la 1re journ\u00e9e de Top 14. Et si les champions de France restent sur six victoires d\u2019affil\u00e9e contre l\u2019ASM (s\u00e9rie en cours depuis le 1er janvier 2022), les Clermontois, eux, n\u2019ont jamais perdu leur premier match de championnat \u00e0 domicile depuis la cr\u00e9ation du Top 1\u2026<\/p>\n<p class=\"fig-paragraph\">Ugo Mola et son staff alignent pour ce choc une grosse \u00e9quipe avec, entre autres, Aldegheri, Flament, Meafou, Jelonch, promu capitaine, une charni\u00e8re Graou-Ntamack, Barassi ou encore Ramos \u00e0 l\u2019arri\u00e8re. Baille, Cros et Roumat prennent place sur le banc.<\/p>\n<p class=\"fig-body-link\">\n            \u00c0 lire aussi<br \/>\n        <a class=\"fig-body-link__link\" href=\"http:\/\/www.lefigaro.fr\/sports\/rugby\/top-14\/top-14-toulouse-sans-ses-deux-recrues-tricolores-ni-jack-willis-pour-la-reprise-face-a-clermont-20250901\" data-fig-type=\"NewsFlash\" data-gtm-custom-categorie=\"navigation\" data-gtm-custom-action=\"crossclick\" data-gtm-custom-label=\"Contextuel\" data-gtm-event=\"customEventSPE\" data-fig-domain=\"LEFIGARO\" rel=\"nofollow noopener\" target=\"_blank\">Top 14: Toulouse sans ses deux recrues tricolores, ni Jack Willis pour la reprise face \u00e0 Clermont<br \/>\n    <\/a>\n<\/p>\n<p>                                    <a class=\"fig-a11y-skip a11y-hidden\" href=\"#fig-a11y-skip-main-inarticle\"><br \/>\n        Passer la publicit\u00e9<br \/>\n    <\/a><\/p>\n<p class=\"fig-paragraph\">C\u00f4t\u00e9 Clermont, les recrues Harry Plummer et Alivereti Loaloa sont titularis\u00e9es. \u00c0 noter, sur le banc, l\u2019apparition du jeune ouvreur argentino-espagnol (18 ans), Juan Montilla, champion de France Crabos avec l\u2019ASM la saison derni\u00e8re.<\/p>\n<p class=\"fig-paragraph\"><strong>\u00c0 VOIR AUSSI &#8211; <\/strong>\u00c9quipe de France\u00a0: les bizutages d\u2019Hugo Ekitike et Maghnes Akliouche<\/p>\n","protected":false},"excerpt":{"rendered":"Ce dimanche soir, les triples champions de France font leur rentr\u00e9e \u00e0 Clermont. O\u00f9 ils n\u2019ont plus perdu&hellip;\n","protected":false},"author":2,"featured_media":372048,"comment_status":"","ping_status":"","sticky":false,"template":"","format":"standard","meta":{"footnotes":""},"categories":[2],"tags":[11,10980,1011,27,12,25,7205,476],"class_list":{"0":"post-372047","1":"post","2":"type-post","3":"status-publish","4":"format-standard","5":"has-post-thumbnail","7":"category-actualites","8":"tag-actualites","9":"tag-asm-clermont-auvergne","10":"tag-fr","11":"tag-france","12":"tag-news","13":"tag-republique-francaise","14":"tag-romain-ntamack","15":"tag-stade-toulousain"},"share_on_mastodon":{"url":"https:\/\/pubeurope.com\/@fr\/115160741573751282","error":""},"_links":{"self":[{"href":"https:\/\/www.europesays.com\/fr\/wp-json\/wp\/v2\/posts\/372047","targetHints":{"allow":["GET"]}}],"collection":[{"href":"https:\/\/www.europesays.com\/fr\/wp-json\/wp\/v2\/posts"}],"about":[{"href":"https:\/\/www.europesays.com\/fr\/wp-json\/wp\/v2\/types\/post"}],"author":[{"embeddable":true,"href":"https:\/\/www.europesays.com\/fr\/wp-json\/wp\/v2\/users\/2"}],"replies":[{"embeddable":true,"href":"https:\/\/www.europesays.com\/fr\/wp-json\/wp\/v2\/comments?post=372047"}],"version-history":[{"count":0,"href":"https:\/\/www.europesays.com\/fr\/wp-json\/wp\/v2\/posts\/372047\/revisions"}],"wp:featuredmedia":[{"embeddable":true,"href":"https:\/\/www.europesays.com\/fr\/wp-json\/wp\/v2\/media\/372048"}],"wp:attachment":[{"href":"https:\/\/www.europesays.com\/fr\/wp-json\/wp\/v2\/media?parent=372047"}],"wp:term":[{"taxonomy":"category","embeddable":true,"href":"https:\/\/www.europesays.com\/fr\/wp-json\/wp\/v2\/categories?post=372047"},{"taxonomy":"post_tag","embeddable":true,"href":"https:\/\/www.europesays.com\/fr\/wp-json\/wp\/v2\/tags?post=372047"}],"curies":[{"name":"wp","href":"https:\/\/api.w.org\/{rel}","templated":true}]}}