{"id":372049,"date":"2025-09-07T02:50:16","date_gmt":"2025-09-07T02:50:16","guid":{"rendered":"https:\/\/www.europesays.com\/fr\/372049\/"},"modified":"2025-09-07T02:50:16","modified_gmt":"2025-09-07T02:50:16","slug":"un-homme-qui-faisait-son-jogging-retrouve-mort-par-balle-le-parquet-ouvre-une-enquete","status":"publish","type":"post","link":"https:\/\/www.europesays.com\/fr\/372049\/","title":{"rendered":"un homme qui faisait son jogging retrouv\u00e9 mort par balle, le parquet ouvre une enqu\u00eate"},"content":{"rendered":"<p>            Par<br \/>\n        <strong><br \/>\n            <a href=\"https:\/\/actu.fr\/auteur\/thomas-martin\" title=\"Consulter tous les articles de Thomas Martin\" target=\"_blank\" rel=\"noopener\">Thomas Martin<\/a><br \/>\n        <\/strong><\/p>\n<p>        Publi\u00e9 le<\/p>\n<p>            6 sept. 2025 \u00e0 18h12        <\/p>\n<p>Des promeneurs ont retrouv\u00e9 vendredi soir vers 23H00 le corps sans vie d\u2019un homme atteint d\u2019une balle au niveau du tronc \u00e0 Bi\u00e8vres (Essonne), a indiqu\u00e9 samedi le <a href=\"https:\/\/actu.fr\/tag\/tribunal-devry\" target=\"_blank\" rel=\"noopener\">parquet d\u2019Evry<\/a> \u00e0 l\u2019AFP. Le parquet a ouvert une enqu\u00eate pour homicide volontaire.<\/p>\n<p>Les r\u00e9sultats de l\u2019autopsie attendus<\/p>\n<p class=\" wall-content\">Cet homme, \u00e2g\u00e9 de 38 ans et inconnu des services de police, faisait son jogging au moment des faits, a pr\u00e9cis\u00e9 le minist\u00e8re public. Aucun suspect n\u2019a \u00e9t\u00e9 interpell\u00e9 \u00e0 ce stade de l\u2019enqu\u00eate.<\/p>\n<p class=\" wall-content\">Une source judiciaire a indiqu\u00e9 que le corps avait \u00e9t\u00e9 retrouv\u00e9 \u00e0 proximit\u00e9 d\u2019un chemin forestier de cette commune situ\u00e9e \u00e0 une quinzaine de kilom\u00e8tres au sud-ouest de Paris.<br \/>Une autopsie a \u00e9t\u00e9 r\u00e9alis\u00e9e samedi matin \u00e0 l\u2019institut m\u00e9dico-l\u00e9gal de Corbeil-Essonnes. Les r\u00e9sultats sont attendus plus tard dans la journ\u00e9e.<\/p>\n<p class=\" wall-content\"><strong>AFP<\/strong><\/p>\n<p class=\" wall-content\">Personnalisez votre actualit\u00e9 en ajoutant vos villes et m\u00e9dias en favori avec <a href=\"https:\/\/moncompte.actu.fr\" title=\"D\u00e9couvez Mon Actu\" rel=\"nofollow noopener\" data-trk=\"{&quot;cta&quot;:{&quot;action&quot;:&quot;https:\\\/\\\/moncompte.actu.fr&quot;,&quot;category&quot;:&quot;mon compte&quot;,&quot;from&quot;:&quot;article footer&quot;,&quot;name&quot;:&quot;Mon actu&quot;,&quot;type&quot;:&quot;cta&quot;}}\" target=\"_blank\">Mon Actu<\/a>.<\/p>\n","protected":false},"excerpt":{"rendered":"Par Thomas Martin Publi\u00e9 le 6 sept. 2025 \u00e0 18h12 Des promeneurs ont retrouv\u00e9 vendredi soir vers 23H00&hellip;\n","protected":false},"author":2,"featured_media":372050,"comment_status":"","ping_status":"","sticky":false,"template":"","format":"standard","meta":{"footnotes":""},"categories":[2],"tags":[11,118,1011,27,777,12,25,50607],"class_list":{"0":"post-372049","1":"post","2":"type-post","3":"status-publish","4":"format-standard","5":"has-post-thumbnail","7":"category-actualites","8":"tag-actualites","9":"tag-faits-divers","10":"tag-fr","11":"tag-france","12":"tag-meurtre","13":"tag-news","14":"tag-republique-francaise","15":"tag-tribunal-devry"},"share_on_mastodon":{"url":"https:\/\/pubeurope.com\/@fr\/115160745466391370","error":""},"_links":{"self":[{"href":"https:\/\/www.europesays.com\/fr\/wp-json\/wp\/v2\/posts\/372049","targetHints":{"allow":["GET"]}}],"collection":[{"href":"https:\/\/www.europesays.com\/fr\/wp-json\/wp\/v2\/posts"}],"about":[{"href":"https:\/\/www.europesays.com\/fr\/wp-json\/wp\/v2\/types\/post"}],"author":[{"embeddable":true,"href":"https:\/\/www.europesays.com\/fr\/wp-json\/wp\/v2\/users\/2"}],"replies":[{"embeddable":true,"href":"https:\/\/www.europesays.com\/fr\/wp-json\/wp\/v2\/comments?post=372049"}],"version-history":[{"count":0,"href":"https:\/\/www.europesays.com\/fr\/wp-json\/wp\/v2\/posts\/372049\/revisions"}],"wp:featuredmedia":[{"embeddable":true,"href":"https:\/\/www.europesays.com\/fr\/wp-json\/wp\/v2\/media\/372050"}],"wp:attachment":[{"href":"https:\/\/www.europesays.com\/fr\/wp-json\/wp\/v2\/media?parent=372049"}],"wp:term":[{"taxonomy":"category","embeddable":true,"href":"https:\/\/www.europesays.com\/fr\/wp-json\/wp\/v2\/categories?post=372049"},{"taxonomy":"post_tag","embeddable":true,"href":"https:\/\/www.europesays.com\/fr\/wp-json\/wp\/v2\/tags?post=372049"}],"curies":[{"name":"wp","href":"https:\/\/api.w.org\/{rel}","templated":true}]}}