{"id":372051,"date":"2025-09-07T02:51:10","date_gmt":"2025-09-07T02:51:10","guid":{"rendered":"https:\/\/www.europesays.com\/fr\/372051\/"},"modified":"2025-09-07T02:51:10","modified_gmt":"2025-09-07T02:51:10","slug":"comment-observer-leclipse-lunaire-totale-du-7-septembre-en-france","status":"publish","type":"post","link":"https:\/\/www.europesays.com\/fr\/372051\/","title":{"rendered":"Comment observer l&rsquo;\u00e9clipse lunaire totale du 7 septembre en France ?"},"content":{"rendered":"<p data-paragraph-id=\"5606075-1\">L&rsquo;\u00e9clipse de septembre est une \u00e9clipse totale\u00a0: l&rsquo;ombre de la Terre recouvrira enti\u00e8rement la Lune. Toutes les phases de l&rsquo;\u00e9clipse se produiront sur une p\u00e9riode totale d&rsquo;environ cinq heures et demie.<\/p>\n<p data-paragraph-id=\"5606075-2\">Voici les \u00e9tapes cl\u00e9s \u00e0 l&rsquo;heure de Paris\u00a0:<\/p>\n<p data-paragraph-id=\"5606075-3\">D\u00e9but de l&rsquo;\u00e9clipse p\u00e9nombrale\u00a0: 17:28<\/p>\n<p data-paragraph-id=\"5606075-4\">D\u00e9but de l&rsquo;\u00e9clipse partielle\u00a0: 18:27<\/p>\n<p data-paragraph-id=\"5606075-5\">D\u00e9but de l&rsquo;\u00e9clipse totale\u00a0: 19:30<\/p>\n<p data-paragraph-id=\"5606075-6\">Maximum de l&rsquo;\u00e9clipse\u00a0: 20:11<\/p>\n<p data-paragraph-id=\"5606075-7\">Fin de l&rsquo;\u00e9clipse totale\u00a0: 20:52<\/p>\n<p data-paragraph-id=\"5606075-8\">Fin de l&rsquo;\u00e9clipse partielle\u00a0: 21:56<\/p>\n<p data-paragraph-id=\"5606075-9\">Fin de l&rsquo;\u00e9clipse p\u00e9nombrale\u00a0: 22:55<\/p>\n<p data-paragraph-id=\"5606075-10\">Le moment \u00e0 ne pas rater est la phase totale de l&rsquo;\u00e9clipse, lorsque la coloration de la Lune est la plus marqu\u00e9e. Cette fois, la totalit\u00e9 durera 82\u00a0minutes, l&rsquo;une des plus longues de la d\u00e9cennie, ce qui laissera aux observateurs tout le temps de profiter du spectacle.<\/p>\n<p data-paragraph-id=\"5606075-12\">Contrairement \u00e0 l&rsquo;\u00e9clipse de mars, l&rsquo;\u00e9v\u00e9nement de septembre sera invisible outre-Atlantique, en Am\u00e9rique du Nord ou du Sud, car l&rsquo;\u00e9clipse se produit pendant leurs heures de jour. L&rsquo;Asie et l&rsquo;Australie-Occidentale b\u00e9n\u00e9ficieront du meilleur emplacement pour voir l&rsquo;\u00e9clipse qui se d\u00e9roulera en int\u00e9gralit\u00e9 pendant leurs heures de nuit. Une grande partie de l&rsquo;Afrique et de l&rsquo;Europe verra la pleine Lune se lever juste apr\u00e8s le coucher de soleil local, avec une \u00e9clipse d\u00e9j\u00e0 bien entam\u00e9e. Gr\u00e2ce \u00e0 sa visibilit\u00e9 au-dessus de r\u00e9gions dens\u00e9ment peupl\u00e9es, la majorit\u00e9 de la population mondiale aura la chance d&rsquo;assister en personne \u00e0 cette nouvelle Lune de sang.<\/p>\n","protected":false},"excerpt":{"rendered":"L&rsquo;\u00e9clipse de septembre est une \u00e9clipse totale\u00a0: l&rsquo;ombre de la Terre recouvrira enti\u00e8rement la Lune. Toutes les phases&hellip;\n","protected":false},"author":2,"featured_media":372052,"comment_status":"","ping_status":"","sticky":false,"template":"","format":"standard","meta":{"footnotes":""},"categories":[4],"tags":[11,1011,27,12,25],"class_list":{"0":"post-372051","1":"post","2":"type-post","3":"status-publish","4":"format-standard","5":"has-post-thumbnail","7":"category-france","8":"tag-actualites","9":"tag-fr","10":"tag-france","11":"tag-news","12":"tag-republique-francaise"},"share_on_mastodon":{"url":"https:\/\/pubeurope.com\/@fr\/115160749355735337","error":""},"_links":{"self":[{"href":"https:\/\/www.europesays.com\/fr\/wp-json\/wp\/v2\/posts\/372051","targetHints":{"allow":["GET"]}}],"collection":[{"href":"https:\/\/www.europesays.com\/fr\/wp-json\/wp\/v2\/posts"}],"about":[{"href":"https:\/\/www.europesays.com\/fr\/wp-json\/wp\/v2\/types\/post"}],"author":[{"embeddable":true,"href":"https:\/\/www.europesays.com\/fr\/wp-json\/wp\/v2\/users\/2"}],"replies":[{"embeddable":true,"href":"https:\/\/www.europesays.com\/fr\/wp-json\/wp\/v2\/comments?post=372051"}],"version-history":[{"count":0,"href":"https:\/\/www.europesays.com\/fr\/wp-json\/wp\/v2\/posts\/372051\/revisions"}],"wp:featuredmedia":[{"embeddable":true,"href":"https:\/\/www.europesays.com\/fr\/wp-json\/wp\/v2\/media\/372052"}],"wp:attachment":[{"href":"https:\/\/www.europesays.com\/fr\/wp-json\/wp\/v2\/media?parent=372051"}],"wp:term":[{"taxonomy":"category","embeddable":true,"href":"https:\/\/www.europesays.com\/fr\/wp-json\/wp\/v2\/categories?post=372051"},{"taxonomy":"post_tag","embeddable":true,"href":"https:\/\/www.europesays.com\/fr\/wp-json\/wp\/v2\/tags?post=372051"}],"curies":[{"name":"wp","href":"https:\/\/api.w.org\/{rel}","templated":true}]}}