{"id":372057,"date":"2025-09-07T02:57:12","date_gmt":"2025-09-07T02:57:12","guid":{"rendered":"https:\/\/www.europesays.com\/fr\/372057\/"},"modified":"2025-09-07T02:57:12","modified_gmt":"2025-09-07T02:57:12","slug":"ein-kleiner-fehler-mit-schwerwiegenden-folgen-fur-alex-marquez","status":"publish","type":"post","link":"https:\/\/www.europesays.com\/fr\/372057\/","title":{"rendered":"\u201eEin kleiner Fehler\u201c mit schwerwiegenden Folgen f\u00fcr Alex M\u00e1rquez"},"content":{"rendered":"<p>\u00c1lex M\u00e1rquez wollte zu Hause vor seinem Bruder Marc gewinnen, der zugab, gegen den Fahrer der Gresini Racing Ducati Nr. 73 machtlos zu sein, und beendete seinen Sprint beim Gro\u00dfen Preis von Katalonien auf dem Boden. Vier Runden vor Schluss st\u00fcrzte der j\u00fcngere der M\u00e1rquez-Br\u00fcder in Kurve 10, sodass sein \u00e4lterer Bruder die zw\u00f6lf Punkte f\u00fcr den Sieg einheimste.<\/p>\n<p>Nachdem er den Abstand zum Weltmeisterschaftsf\u00fchrenden vergr\u00f6\u00dfert hatte, erkl\u00e4rte der Gresini-Fahrer, er sei zu selbstbewusst gefahren und habe vielleicht etwas zu viel Anstrengung und Konzentration vernachl\u00e4ssigt. Die Folgen waren auf einer Strecke, die traditionell wenig Grip bietet, schwerwiegend.<\/p>\n<p class=\"gt-block\">\u201eIch war in diesem Moment zu selbstsicher, zu entspannt.\u201c, erkl\u00e4rte er auf der offiziellen Website der <a href=\"https:\/\/www.autohebdo.de\/Nachrichten\/MotoGP\" data-internallinksmanager029f6b8e52c=\"4\" title=\"MotoGP\" rel=\"nofollow noopener\" target=\"_blank\">MotoGP<\/a>. \u201eBis zwei oder drei Runden zuvor habe ich angegriffen und dann begonnen, den Abstand zu Marc zu verwalten. Wenn man sehr, fast schon zu sehr, auf dem Motorrad vertraut, denkt man gar nicht an die M\u00f6glichkeit eines Sturzes. Ich war sehr schnell, ich war nahe am Limit und ein kleiner Fehler hat mich teuer zu stehen gekommen. Am Sonntag bietet sich uns mit einer weiteren Pole Position eine gro\u00dfartige Gelegenheit und ich werde versuchen, diese Gelegenheit zu nutzen. Wir m\u00fcssen das Warm-up nutzen, um wieder ein gutes Gef\u00fchl zu bekommen und dann im Rennen erneut angreifen.\u201c<\/p>\n<p class=\"gt-block\">\u00c1lex M\u00e1rquez war \u00e4u\u00dferst entt\u00e4uscht, vor seinem eigenen Team gest\u00fcrzt zu sein, doch er schaffte es schnell, die Dinge ins rechte Licht zu r\u00fccken, um sich auf das gro\u00dfe Ereignis des Wochenendes zu konzentrieren, den Grand Prix von <strong><a href=\"https:\/\/www.autohebdo.de\/Nachrichten\/MotoGP\/das-MotoGP-Katalonien-GP-Programm-2025.html\" target=\"_blank\" rel=\"noopener nofollow\">Sonntag, ab 14 Uhr<\/a><\/strong>Sein Selbstvertrauen ist noch immer auf dem H\u00f6hepunkt und die Nummer 73 glaubt, dass niemand mit ihm konkurrieren kann, au\u00dfer nat\u00fcrlich seinem Bruder.<\/p>\n<p class=\"gt-block\">\u201eEs ist schmerzhaft, aber ich kann nichts \u00e4ndern, ich kann nur aus diesem Fehler lernen. Wenn es am Sonntag passiert w\u00e4re, w\u00e4re es noch schmerzhafter. Vor uns liegt eine weitere gro\u00dfartige Gelegenheit, und wir d\u00fcrfen keine Zeit damit verschwenden, an diesen Samstag zu denken. Ich denke, wir haben das beste Tempo. Ich wei\u00df, dass Marc ganz nah dran sein wird, aber wir m\u00fcssen konzentriert bleiben. Wenn ich einen guten Start erwische, werde ich versuchen, mein Tempo wie heute zu fahren, alles zu kontrollieren und von da an versuchen, nicht den Fokus zu verlieren.\u201c<\/p>\n<p class=\"gt-block\"><strong>LESEN SIE AUCH &gt; <a href=\"https:\/\/www.autohebdo.de\/Nachrichten\/MotoGP\/Marc-Marquez-Alex-hatte-das-beste-Tempo.html\" target=\"_blank\" rel=\"noopener nofollow\">Marc M\u00e1rquez: \u201eAlex hatte den besten Rhythmus\u201c<\/a><\/strong><\/p>\n","protected":false},"excerpt":{"rendered":"\u00c1lex M\u00e1rquez wollte zu Hause vor seinem Bruder Marc gewinnen, der zugab, gegen den Fahrer der Gresini Racing&hellip;\n","protected":false},"author":2,"featured_media":372058,"comment_status":"","ping_status":"","sticky":false,"template":"","format":"standard","meta":{"footnotes":""},"categories":[1413],"tags":[4267,50608,1011,27,50609,1457,1456,1458,60],"class_list":{"0":"post-372057","1":"post","2":"type-post","3":"status-publish","4":"format-standard","5":"has-post-thumbnail","7":"category-moto","8":"tag-alex-marquez","9":"tag-ducati-gresini","10":"tag-fr","11":"tag-france","12":"tag-grand-prix-de-catalogne","13":"tag-moto","14":"tag-motocycle","15":"tag-motogp","16":"tag-sports"},"share_on_mastodon":{"url":"https:\/\/pubeurope.com\/@fr\/115160772970755540","error":""},"_links":{"self":[{"href":"https:\/\/www.europesays.com\/fr\/wp-json\/wp\/v2\/posts\/372057","targetHints":{"allow":["GET"]}}],"collection":[{"href":"https:\/\/www.europesays.com\/fr\/wp-json\/wp\/v2\/posts"}],"about":[{"href":"https:\/\/www.europesays.com\/fr\/wp-json\/wp\/v2\/types\/post"}],"author":[{"embeddable":true,"href":"https:\/\/www.europesays.com\/fr\/wp-json\/wp\/v2\/users\/2"}],"replies":[{"embeddable":true,"href":"https:\/\/www.europesays.com\/fr\/wp-json\/wp\/v2\/comments?post=372057"}],"version-history":[{"count":0,"href":"https:\/\/www.europesays.com\/fr\/wp-json\/wp\/v2\/posts\/372057\/revisions"}],"wp:featuredmedia":[{"embeddable":true,"href":"https:\/\/www.europesays.com\/fr\/wp-json\/wp\/v2\/media\/372058"}],"wp:attachment":[{"href":"https:\/\/www.europesays.com\/fr\/wp-json\/wp\/v2\/media?parent=372057"}],"wp:term":[{"taxonomy":"category","embeddable":true,"href":"https:\/\/www.europesays.com\/fr\/wp-json\/wp\/v2\/categories?post=372057"},{"taxonomy":"post_tag","embeddable":true,"href":"https:\/\/www.europesays.com\/fr\/wp-json\/wp\/v2\/tags?post=372057"}],"curies":[{"name":"wp","href":"https:\/\/api.w.org\/{rel}","templated":true}]}}