{"id":372062,"date":"2025-09-07T03:00:10","date_gmt":"2025-09-07T03:00:10","guid":{"rendered":"https:\/\/www.europesays.com\/fr\/372062\/"},"modified":"2025-09-07T03:00:10","modified_gmt":"2025-09-07T03:00:10","slug":"bonnes-nouvelles-pour-de-zerbi","status":"publish","type":"post","link":"https:\/\/www.europesays.com\/fr\/372062\/","title":{"rendered":"bonnes nouvelles pour De Zerbi"},"content":{"rendered":"<p>Le PSG devra se passer de ses deux<br \/>\nmeilleurs attaquants, le 21 septembre lors du d\u00e9placement \u00e0<br \/>\nMarseille pour y affronter l&rsquo;OM.<\/p>\n<p>Depuis l\u2019arriv\u00e9e du Qatar au PSG, en 2011, l\u2019\u00e9cart entre l\u2019OM et<br \/>\nle PSG n\u2019a cess\u00e9 de grandir. Au point que l\u2019\u00e9quipe marseillaise n\u2019a<br \/>\npu remporter qu\u2019un seul match du Championnat de France contre son<br \/>\nhomologue de la capitale (13 septembre 2020 au Parc des Princes \u2013<br \/>\n0-1).<\/p>\n<p>Sans solution depuis 14 ans, l\u2019OM peut esp\u00e9rer voir un<br \/>\nadversaire affaibli pour tenter d\u2019enregistrer un deuxi\u00e8me succ\u00e8s en<br \/>\nLigue 1. Pourquoi pas le 21 septembre prochain au stade V\u00e9lodrome,<br \/>\nse disent des supporters des Ciel et Blanc.<\/p>\n<blockquote class=\"twitter-tweet\"><p><a class=\"twitter-link\" rel=\"noindex, nofollow noopener\" href=\"https:\/\/twitter.com\/foot365\/status\/1963930745514135635\" target=\"_blank\"><\/p><\/blockquote>\n<p>Une hypoth\u00e8se renforc\u00e9e parce que ce jour-l\u00e0, \u00e0 l\u2019occasion de la<br \/>\n5e journ\u00e9e de Ligue 1, l\u2019effectif entra\u00een\u00e9 par Luis Enrique sera<br \/>\npriv\u00e9 de deux atouts majeurs, sans doute les deux meilleurs<br \/>\nattaquants du PSG.<\/p>\n<p>Un banc Champions League<\/p>\n<p>Tous deux bless\u00e9s pour plusieurs semaines \u00e0 l\u2019occasion de la<br \/>\nfen\u00eatre internationale de septembre et le match Ukraine-France<br \/>\n(0-2) disput\u00e9 vendredi soir en Pologne, Ousmane Demb\u00e9le et D\u00e9sir\u00e9<br \/>\nDou\u00e9 manqueront tr\u00e8s probablement le rendez-vous tant attendu par<br \/>\nles amateurs de football.<\/p>\n<p>Cela dit, le PSG dispose d\u2019une profondeur de banc et d\u2019un<br \/>\neffectif \u00e0 rendre jaloux tous les coaches du Championnat de France.<br \/>\nPour ce prochain OM-PSG, Luis Enrique pourra normalement compter<br \/>\nsur Bradley Barcola, Khvicha Kvaratskhelia, Gon\u00e7alo Ramos, voire<br \/>\nIbrahim Mbaye.<\/p>\n<p><script async src=\"https:\/\/platform.twitter.com\/widgets.js\" charset=\"utf-8\"><\/script><\/p>\n","protected":false},"excerpt":{"rendered":"Le PSG devra se passer de ses deux meilleurs attaquants, le 21 septembre lors du d\u00e9placement \u00e0 Marseille&hellip;\n","protected":false},"author":2,"featured_media":372063,"comment_status":"","ping_status":"","sticky":false,"template":"","format":"standard","meta":{"footnotes":""},"categories":[1410],"tags":[63,1011,27,60],"class_list":{"0":"post-372062","1":"post","2":"type-post","3":"status-publish","4":"format-standard","5":"has-post-thumbnail","7":"category-football","8":"tag-football","9":"tag-fr","10":"tag-france","11":"tag-sports"},"share_on_mastodon":{"url":"https:\/\/pubeurope.com\/@fr\/115160785327511949","error":""},"_links":{"self":[{"href":"https:\/\/www.europesays.com\/fr\/wp-json\/wp\/v2\/posts\/372062","targetHints":{"allow":["GET"]}}],"collection":[{"href":"https:\/\/www.europesays.com\/fr\/wp-json\/wp\/v2\/posts"}],"about":[{"href":"https:\/\/www.europesays.com\/fr\/wp-json\/wp\/v2\/types\/post"}],"author":[{"embeddable":true,"href":"https:\/\/www.europesays.com\/fr\/wp-json\/wp\/v2\/users\/2"}],"replies":[{"embeddable":true,"href":"https:\/\/www.europesays.com\/fr\/wp-json\/wp\/v2\/comments?post=372062"}],"version-history":[{"count":0,"href":"https:\/\/www.europesays.com\/fr\/wp-json\/wp\/v2\/posts\/372062\/revisions"}],"wp:featuredmedia":[{"embeddable":true,"href":"https:\/\/www.europesays.com\/fr\/wp-json\/wp\/v2\/media\/372063"}],"wp:attachment":[{"href":"https:\/\/www.europesays.com\/fr\/wp-json\/wp\/v2\/media?parent=372062"}],"wp:term":[{"taxonomy":"category","embeddable":true,"href":"https:\/\/www.europesays.com\/fr\/wp-json\/wp\/v2\/categories?post=372062"},{"taxonomy":"post_tag","embeddable":true,"href":"https:\/\/www.europesays.com\/fr\/wp-json\/wp\/v2\/tags?post=372062"}],"curies":[{"name":"wp","href":"https:\/\/api.w.org\/{rel}","templated":true}]}}