{"id":372064,"date":"2025-09-07T03:01:22","date_gmt":"2025-09-07T03:01:22","guid":{"rendered":"https:\/\/www.europesays.com\/fr\/372064\/"},"modified":"2025-09-07T03:01:22","modified_gmt":"2025-09-07T03:01:22","slug":"adele-exarchopoulos-a-la-mostra-de-venise-2025-je-nai-pas-peur-de-lia-jai-plus-peur-des-divisions-entre-les-hommes","status":"publish","type":"post","link":"https:\/\/www.europesays.com\/fr\/372064\/","title":{"rendered":"Ad\u00e8le Exarchopoulos \u00e0 la Mostra de Venise 2025 : \u00abJe n&rsquo;ai pas peur de l&rsquo;IA, j&rsquo;ai plus peur des divisions entre les hommes\u00bb"},"content":{"rendered":"<p class=\"has-dropcap\">La <a href=\"https:\/\/www.vanityfair.fr\/dossier\/mostra-de-venise\" isautogenerated=\"true\" target=\"_blank\" rel=\"noopener\">Mostra de Venise<\/a> 2025 s&rsquo;ach\u00e8ve avec le troisi\u00e8me volet de la trilogie polici\u00e8re de <strong>C\u00e9dric<\/strong> <strong>Jimenez<\/strong>, Chien 51. Apr\u00e8s BAC Nord et Novembre, le r\u00e9alisateur fran\u00e7ais signe un polar dystopique situ\u00e9 dans un <a href=\"https:\/\/www.vanityfair.fr\/dossier\/paris\" isautogenerated=\"true\" target=\"_blank\" rel=\"noopener\">Paris<\/a> futur, divis\u00e9 en trois zones sociales et r\u00e9gi par Alma, une <a href=\"https:\/\/www.vanityfair.fr\/dossier\/intelligence-artificielle\" isautogenerated=\"true\" target=\"_blank\" rel=\"noopener\">intelligence artificielle<\/a> pr\u00e9dictive capable de red\u00e9finir la justice et le travail de la police. Lorsque le cr\u00e9ateur d&rsquo;Alma est assassin\u00e9, deux figures oppos\u00e9es sont contraintes de collaborer : Salia (<a href=\"https:\/\/www.vanityfair.fr\/dossier\/adele-exarchopoulos\" isautogenerated=\"true\" target=\"_blank\" rel=\"noopener\"><strong>Ad\u00e8le Exarchopoulos<\/strong><\/a>), un agent de haut niveau, et Zem (<strong>Gilles Lellouche<\/strong>), un policier d\u00e9sabus\u00e9. De cette fracture na\u00eet une enqu\u00eate qui, comme l&rsquo;explique Jimenez, \u00ab n&rsquo;imagine pas le futur mais joue avec les codes du genre pour raconter le pr\u00e9sent \u00bb.<\/p>\n<p>Interrog\u00e9e sur ce r\u00f4le d&rsquo;action, l&rsquo;actrice a plaisant\u00e9 : \u00ab D&rsquo;abord, je vais arr\u00eater de manger des hamburgers \u00bb. Puis, plus s\u00e9rieusement, elle \u00e9voque le travail physique sur le plateau, fait d&rsquo;acrobaties et d&rsquo;improvisations : \u00ab J&rsquo;aime sortir de ma zone de confort. Avec Gilles, il y avait de la libert\u00e9, du jeu, de la complicit\u00e9 \u00bb. Quant \u00e0 l&rsquo;intelligence artificielle, Ad\u00e8le Exarchopoulos a d\u00e9vi\u00e9 le sujet : \u00ab Je ne sais pas ce qui m&rsquo;angoisse le plus. Peut-\u00eatre pas la technologie, mais les \u00eatres humains entre eux, leur stupidit\u00e9 et leurs divisions \u00bb.<\/p>\n<p>Ad\u00e8le Exarchopoulos et Gilles Lellouche<\/p>\n<p>Stefania D&rsquo;Alessandro<\/p>\n<p>Son partenaire \u00e0 l&rsquo;\u00e9cran, Gilles Lellouche, a admis les difficult\u00e9s physiques du r\u00f4le : \u00ab Oui, c&rsquo;est compliqu\u00e9. J&rsquo;ai 53 ans, mais j&rsquo;ai fait pratiquement toutes les sc\u00e8nes d&rsquo;action. C\u00e9dric nous prot\u00e8ge beaucoup, il ne nous \u00e9puise pas, il nous met au centre \u00bb. Le r\u00e9alisateur a ensuite pr\u00e9cis\u00e9 que l&rsquo;utilisation de l&rsquo;IA dans la production \u00e9tait marginale : \u00ab Nous l&rsquo;avons utilis\u00e9e pour de petits mod\u00e8les, pour la voix du diable. Je ne crois pas qu&rsquo;il faille remplacer l&rsquo;artiste : l&rsquo;art est la chose la plus humaine que nous ayons \u00bb. Et sur le Paris imagin\u00e9, sombre et vertical : \u00ab Ce n&rsquo;est pas une pr\u00e9diction. C&rsquo;est un cauchemar dystopique, un jeu avec des codes. J&rsquo;esp\u00e8re vraiment que le Paris de dans 15 ans ne ressemblera pas \u00e0 celui-ci \u00bb.<\/p>\n","protected":false},"excerpt":{"rendered":"La Mostra de Venise 2025 s&rsquo;ach\u00e8ve avec le troisi\u00e8me volet de la trilogie polici\u00e8re de C\u00e9dric Jimenez, Chien&hellip;\n","protected":false},"author":2,"featured_media":372065,"comment_status":"","ping_status":"","sticky":false,"template":"","format":"standard","meta":{"footnotes":""},"categories":[1359],"tags":[34114,58,59,1011,27,973],"class_list":{"0":"post-372064","1":"post","2":"type-post","3":"status-publish","4":"format-standard","5":"has-post-thumbnail","7":"category-people","8":"tag-adele-exarchopoulos","9":"tag-divertissement","10":"tag-entertainment","11":"tag-fr","12":"tag-france","13":"tag-people"},"share_on_mastodon":{"url":"https:\/\/pubeurope.com\/@fr\/115160788726266177","error":""},"_links":{"self":[{"href":"https:\/\/www.europesays.com\/fr\/wp-json\/wp\/v2\/posts\/372064","targetHints":{"allow":["GET"]}}],"collection":[{"href":"https:\/\/www.europesays.com\/fr\/wp-json\/wp\/v2\/posts"}],"about":[{"href":"https:\/\/www.europesays.com\/fr\/wp-json\/wp\/v2\/types\/post"}],"author":[{"embeddable":true,"href":"https:\/\/www.europesays.com\/fr\/wp-json\/wp\/v2\/users\/2"}],"replies":[{"embeddable":true,"href":"https:\/\/www.europesays.com\/fr\/wp-json\/wp\/v2\/comments?post=372064"}],"version-history":[{"count":0,"href":"https:\/\/www.europesays.com\/fr\/wp-json\/wp\/v2\/posts\/372064\/revisions"}],"wp:featuredmedia":[{"embeddable":true,"href":"https:\/\/www.europesays.com\/fr\/wp-json\/wp\/v2\/media\/372065"}],"wp:attachment":[{"href":"https:\/\/www.europesays.com\/fr\/wp-json\/wp\/v2\/media?parent=372064"}],"wp:term":[{"taxonomy":"category","embeddable":true,"href":"https:\/\/www.europesays.com\/fr\/wp-json\/wp\/v2\/categories?post=372064"},{"taxonomy":"post_tag","embeddable":true,"href":"https:\/\/www.europesays.com\/fr\/wp-json\/wp\/v2\/tags?post=372064"}],"curies":[{"name":"wp","href":"https:\/\/api.w.org\/{rel}","templated":true}]}}