{"id":372066,"date":"2025-09-07T03:03:12","date_gmt":"2025-09-07T03:03:12","guid":{"rendered":"https:\/\/www.europesays.com\/fr\/372066\/"},"modified":"2025-09-07T03:03:12","modified_gmt":"2025-09-07T03:03:12","slug":"nous-le-desirons-intense-attractif-chaleureux-le-salon-du-livre-de-monaco-a-ouvert-ses-portes-pour-le-week-end","status":"publish","type":"post","link":"https:\/\/www.europesays.com\/fr\/372066\/","title":{"rendered":"\u00ab\u00a0Nous le d\u00e9sirons intense, attractif, chaleureux\u00a0\u00bb: le Salon du Livre de Monaco a ouvert ses portes pour le week-end"},"content":{"rendered":"<p>Avant la rentr\u00e9e scolaire, Monaco fait sa rentr\u00e9e litt\u00e9raire via le quatorzi\u00e8me Salon international du Livre de Monaco, d\u00e9marr\u00e9 ce samedi au Grimaldi Forum et qui r\u00e9unit jusqu\u2019\u00e0 18 heures ce dimanche, 130 auteurs d\u2019horizons divers ayant les mots comme point commun.<\/p>\n<p>C\u2019est le credo des Rencontres litt\u00e9raires Fabian Boisson, l\u2019association \u00e0 la man\u0153uvre, \u00ab\u00a0une petite \u00e9quipe pour faire un grand \u00e9v\u00e9nement\u00a0\u00bb souligne la pr\u00e9sidente, Yvette Gazza-Cellario fi\u00e8re de ce \u00ab\u00a0bel adolescent de 14 ans\u00a0\u00bb qu\u2019est devenu le salon. \u00ab\u00a0Nous le d\u00e9sirons intense, attractif, chaleureux mais quatorze ans, c\u2019est l\u2019\u00e2ge des turbulences, nous en avons eu quelques-unes dans la programmation\u2026\u00a0\u00bb<\/p>\n<p>\u00c9cho \u00e0 la d\u00e9fection de Louis Sarzoky, qui devait \u00eatre une des t\u00eates d\u2019affiche du Salon et qui a annul\u00e9 fin ao\u00fbt sa pr\u00e9sence attendue. Il reste quand m\u00eame une belle brochette de plumes r\u00e9unies.<\/p>\n<p>De l\u2019ancien Prix Goncourt 1995, Andre\u00ef Makine \u2013 invit\u00e9 d\u2019honneur \u2013 \u00e0 l\u2019auteur de chansons Fran\u00e7ois Bernheim qui livre ses m\u00e9moires sur le papier en passant par l\u2019avocat Emmanuel Pierrat ou le diplomate Hubert Vedrine.<\/p>\n<p>La diversit\u00e9 se traduit dans les all\u00e9es: de la fresque historique aux livres pour enfants, de la parution d\u2019art au polar, des manuels de d\u00e9veloppement personnel aux r\u00e9cits r\u00e9gionalistes, \u00ab\u00a0chaque visiteur peut d\u00e9couvrir des p\u00e9pites\u00a0\u00bb promet Yvette Gazza-Cellario.<\/p>\n<p>Un m\u00e9lange appr\u00e9ci\u00e9 par le parrain de cette quatorzi\u00e8me \u00e9dition, St\u00e9phane Valeri, qui reprend ce r\u00f4le tenu par le pass\u00e9 par Jean-Louis Debr\u00e9, disparu en mars dernier. \u00ab\u00a0C\u2019est un grand honneur que je ne m\u00e9rite pas, car je n\u2019ai jamais \u00e9crit mais j\u2019ai \u00e9t\u00e9 associ\u00e9 \u00e0 l\u2019\u00e9v\u00e9nement depuis sa gen\u00e8se en 2012, j\u2019en ai connu toutes les \u00e9volutions depuis les pr\u00e9mices avec tout juste une quinzaine de participants. Peu de personnes auraient pari\u00e9 \u00e0 l\u2019\u00e9poque sur le succ\u00e8s de ce petit salon, devenu aujourd\u2019hui une r\u00e9f\u00e9rence.\u00a0\u00bb<\/p>\n<p>Le polar \u00e0 l\u2019honneur<\/p>\n<p>Et le Salon international du Livre innove aussi cette ann\u00e9e, en d\u00e9voilant ce dimanche \u00e0 14 heures le laur\u00e9at de son premier prix litt\u00e9raire, baptis\u00e9 Pyth\u00e9as.<\/p>\n<p>Avant cela, d\u00e8s hier, \u00e0 l\u2019ouverture, c\u2019est un autre troph\u00e9e, le prix de l\u2019\u00c9v\u00each\u00e9 qui a \u00e9t\u00e9 remis \u00e0 J\u00e9r\u00e9mie Claes, un \u00e9crivain belge pour son ouvrage L\u2019horloger.<\/p>\n<p>Un thriller \u00ab\u00a0\u00e9poustouflant\u00a0\u00bb selon Eric Arella, directeur de la S\u00fbret\u00e9 publique, qui pr\u00e9side ce prix litt\u00e9raire pour sa huiti\u00e8me \u00e9dition dont la vocation est de mettre \u00e0 l\u2019honneur le genre du polar et le sud de la France.<\/p>\n<p>\u00ab\u00a0L\u2019\u00c9v\u00each\u00e9, c\u2019est le nom de l\u2019h\u00f4tel de police de Marseille, c\u2019est bien un prix du polar, pas un prix eccl\u00e9siastique, pr\u00e9cise Eric Arella, qui r\u00e9compense chaque ann\u00e9e en mai un polar dont l\u2019action se d\u00e9roule au moins partiellement dans un grand sud Est de la France, de Toulouse \u00e0 la fronti\u00e8re italienne, en comptant Monaco et la Corse.\u00a0\u00bb<\/p>\n<p>Le laur\u00e9at a \u00e9t\u00e9 f\u00e9licit\u00e9 par le Rotary Club de Monaco et d\u00e9dicacera son ouvrage encore aujourd\u2019hui au Salon.<\/p>\n<p>Salon International du Livre de Monaco, aujourd\u2019hui de 10 heures \u00e0 18 heures. <br \/>&#13;<br \/>\nEntr\u00e9e libre, au Grimaldi Forum<\/p>\n","protected":false},"excerpt":{"rendered":"Avant la rentr\u00e9e scolaire, Monaco fait sa rentr\u00e9e litt\u00e9raire via le quatorzi\u00e8me Salon international du Livre de Monaco,&hellip;\n","protected":false},"author":2,"featured_media":372067,"comment_status":"","ping_status":"","sticky":false,"template":"","format":"standard","meta":{"footnotes":""},"categories":[1357],"tags":[1379,251,58,59,1011,27,1351,1380],"class_list":{"0":"post-372066","1":"post","2":"type-post","3":"status-publish","4":"format-standard","5":"has-post-thumbnail","7":"category-livres","8":"tag-books","9":"tag-culture","10":"tag-divertissement","11":"tag-entertainment","12":"tag-fr","13":"tag-france","14":"tag-litterature","15":"tag-livres"},"share_on_mastodon":{"url":"https:\/\/pubeurope.com\/@fr\/115160796650564566","error":""},"_links":{"self":[{"href":"https:\/\/www.europesays.com\/fr\/wp-json\/wp\/v2\/posts\/372066","targetHints":{"allow":["GET"]}}],"collection":[{"href":"https:\/\/www.europesays.com\/fr\/wp-json\/wp\/v2\/posts"}],"about":[{"href":"https:\/\/www.europesays.com\/fr\/wp-json\/wp\/v2\/types\/post"}],"author":[{"embeddable":true,"href":"https:\/\/www.europesays.com\/fr\/wp-json\/wp\/v2\/users\/2"}],"replies":[{"embeddable":true,"href":"https:\/\/www.europesays.com\/fr\/wp-json\/wp\/v2\/comments?post=372066"}],"version-history":[{"count":0,"href":"https:\/\/www.europesays.com\/fr\/wp-json\/wp\/v2\/posts\/372066\/revisions"}],"wp:featuredmedia":[{"embeddable":true,"href":"https:\/\/www.europesays.com\/fr\/wp-json\/wp\/v2\/media\/372067"}],"wp:attachment":[{"href":"https:\/\/www.europesays.com\/fr\/wp-json\/wp\/v2\/media?parent=372066"}],"wp:term":[{"taxonomy":"category","embeddable":true,"href":"https:\/\/www.europesays.com\/fr\/wp-json\/wp\/v2\/categories?post=372066"},{"taxonomy":"post_tag","embeddable":true,"href":"https:\/\/www.europesays.com\/fr\/wp-json\/wp\/v2\/tags?post=372066"}],"curies":[{"name":"wp","href":"https:\/\/api.w.org\/{rel}","templated":true}]}}