{"id":372068,"date":"2025-09-07T03:04:11","date_gmt":"2025-09-07T03:04:11","guid":{"rendered":"https:\/\/www.europesays.com\/fr\/372068\/"},"modified":"2025-09-07T03:04:11","modified_gmt":"2025-09-07T03:04:11","slug":"les-traitres-quelle-aille-faire-la-cruche-chez-hanouna-pourquoi-m6-nous-inflige-ca-elle-nous-fait-chier-avec-sa-politique-la-presence-de-marlene-schiappa-insupporte-les-internau","status":"publish","type":"post","link":"https:\/\/www.europesays.com\/fr\/372068\/","title":{"rendered":"Les Tra\u00eetres &#8211; \u00ab\u00a0Qu\u2019elle aille faire la cruche chez Hanouna\u00a0\u00bb, \u00ab\u00a0Pourquoi M6 nous inflige \u00e7a ?\u00a0\u00bb, \u00ab\u00a0Elle nous fait chier avec sa politique\u00a0\u00bb : la pr\u00e9sence de Marl\u00e8ne Schiappa insupporte les internautes"},"content":{"rendered":"<p class=\"mb-4 text-lg md:leading-8 break-words\">Coup de th\u00e9\u00e2tre pour M6, apr\u00e8s un lancement en demi-teinte le mardi 2 septembre, la cha\u00eene a d\u00e9cid\u00e9 de modifier la programmation de la cinqui\u00e8me saison <a data-i13n=\"cpos:1;pos:1\" href=\"https:\/\/fr.news.yahoo.com\/tra%C3%AEtres-pourquoi-jeu-m6-d%C3%A9cal%C3%A9-080236881.html\" data-ylk=\"slk:des &quot;Tra\u00eetres&quot;;cpos:1;pos:1;elm:context_link;itc:0;sec:content-canvas;outcm:mb_qualified_link;_E:mb_qualified_link;ct:story;\" class=\"link  yahoo-link\" target=\"_blank\" rel=\"noopener\">des \u00ab\u00a0Tra\u00eetres\u00a0\u00bb<\/a>. <a data-i13n=\"cpos:2;pos:1\" href=\"https:\/\/fr.news.yahoo.com\/programme-tv-tra%C3%AEtres-the-voice-163300282.html\" data-ylk=\"slk:Ce samedi 6 septembre;cpos:2;pos:1;elm:context_link;itc:0;sec:content-canvas;outcm:mb_qualified_link;_E:mb_qualified_link;ct:story;\" class=\"link  yahoo-link\" target=\"_blank\" rel=\"noopener\">Ce samedi 6 septembre<\/a>, les t\u00e9l\u00e9spectateurs ont donc retrouv\u00e9 le jeu anim\u00e9 par \u00c9ric Antoine dans une nouvelle case, avec la diffusion de deux \u00e9pisodes cons\u00e9cutifs.<\/p>\n<p class=\"mb-4 text-lg md:leading-8 break-words\">Install\u00e9s au ch\u00e2teau de Bournel, les seize candidats, parmi lesquels <a data-i13n=\"cpos:3;pos:1\" href=\"https:\/\/fr.news.yahoo.com\/ne-n%C3%A9e-ministre-marl%C3%A8ne-schiappa-071700767.html\" data-ylk=\"slk:Marl\u00e8ne Schiappa;cpos:3;pos:1;elm:context_link;itc:0;sec:content-canvas;outcm:mb_qualified_link;_E:mb_qualified_link;ct:story;\" class=\"link  yahoo-link\" target=\"_blank\" rel=\"noopener\">Marl\u00e8ne Schiappa<\/a>, Raymond Domenech, <a data-i13n=\"cpos:4;pos:1\" href=\"https:\/\/fr.style.yahoo.com\/quest-fais-l%C3%A0-camille-cerf-091346011.html\" data-ylk=\"slk:Camille Cerf;cpos:4;pos:1;elm:context_link;itc:0;sec:content-canvas;outcm:mb_qualified_link;_E:mb_qualified_link;ct:story;\" class=\"link  yahoo-link\" target=\"_blank\" rel=\"noopener\">Camille Cerf<\/a>, Fabien Olicard ou encore Helena Noguerra, ont poursuivi leur partie de strat\u00e9gie, de mensonges et de manipulations. Cette soir\u00e9e a marqu\u00e9 un tournant puisque la toute premi\u00e8re table ronde de l\u2019\u00e9dition s\u2019est tenue, offrant son lot de tensions et de confrontations entre les personnalit\u00e9s.<\/p>\n<p>Helena et Tania, premi\u00e8res victimes de la saison 5<\/p>\n<p class=\"mb-4 text-lg md:leading-8 break-words\">Et cette premi\u00e8re table ronde a scell\u00e9 le sort d\u2019Helena Noguerra, d\u00e9sign\u00e9e par ses camarades et contrainte de quitter l\u2019aventure. Mais le r\u00e9pit n\u2019a pas dur\u00e9 longtemps pour les Loyaux. D\u00e8s le lendemain, c\u2019est Tania qui a disparu, \u00e9limin\u00e9e dans l\u2019ombre par les Tra\u00eetres. Un double coup dur qui a jet\u00e9 un froid au ch\u00e2teau et renforc\u00e9 les tensions autour du petit-d\u00e9jeuner, moment redout\u00e9 o\u00f9 les candidats d\u00e9couvrent les disparus de la nuit.<\/p>\n<p>Marl\u00e8ne Schiappa sous le feu des critiques<\/p>\n<p class=\"mb-4 text-lg md:leading-8 break-words\">Pr\u00e9sente depuis le lancement de cette cinqui\u00e8me saison, Marl\u00e8ne Schiappa n\u2019a pas fait l\u2019unanimit\u00e9 aupr\u00e8s de ses camarades\u2026 ni aupr\u00e8s des t\u00e9l\u00e9spectateurs. Ses explications, souvent ramen\u00e9es \u00e0 son parcours politique, ont rapidement agac\u00e9. Sur X (ex-Twitter), de nombreux internautes ont exprim\u00e9 leur exasp\u00e9ration, certains estimant qu\u2019elle parlait \u00ab\u00a0pour ne rien dire\u00a0\u00bb, d\u2019autres lui reprochant de \u00ab\u00a0transformer l\u2019\u00e9mission en d\u00e9bat politique\u00a0\u00bb.<\/p>\n<p class=\"mb-4 text-lg md:leading-8 break-words\">\u00ab\u00a0Pas s\u00fbr que les explications de Marl\u00e8ne plaisent \u00e0 tout le monde\u00a0\u00bb, a r\u00e9agi un abonn\u00e9 de X. \u00ab\u00a0Mais elle va arr\u00eater avec sa politique \u00e0 tout va ? Elle me saoule d\u00e9j\u00e0 la Marl\u00e8ne\u00a0\u00bb, a ajout\u00e9 un autre. \u00ab\u00a0On s\u2019en fout de la politique Marl\u00e8ne\u00a0\u00bb, pouvait-on encore lire parmi les nombreux commentaires cinglants.<\/p>\n<p class=\"mb-4 text-lg md:leading-8 break-words\">En clair, Marl\u00e8ne Schiappa s\u2019est attir\u00e9e une pluie de critiques sur les r\u00e9seaux sociaux, o\u00f9 beaucoup la trouvent hors-sujet dans l\u2019aventure et souhaiteraient la voir rapidement quitter le jeu.<\/p>\n","protected":false},"excerpt":{"rendered":"Coup de th\u00e9\u00e2tre pour M6, apr\u00e8s un lancement en demi-teinte le mardi 2 septembre, la cha\u00eene a d\u00e9cid\u00e9&hellip;\n","protected":false},"author":2,"featured_media":372069,"comment_status":"","ping_status":"","sticky":false,"template":"","format":"standard","meta":{"footnotes":""},"categories":[1356],"tags":[50611,50612,58,59,1011,27,494,33875,50610,252,1364],"class_list":{"0":"post-372068","1":"post","2":"type-post","3":"status-publish","4":"format-standard","5":"has-post-thumbnail","7":"category-television","8":"tag-cinquieme-saison","9":"tag-coup-de-theatre","10":"tag-divertissement","11":"tag-entertainment","12":"tag-fr","13":"tag-france","14":"tag-m6","15":"tag-marlene-schiappa","16":"tag-schiappa","17":"tag-television","18":"tag-tv"},"share_on_mastodon":{"url":"https:\/\/pubeurope.com\/@fr\/115160800510575132","error":""},"_links":{"self":[{"href":"https:\/\/www.europesays.com\/fr\/wp-json\/wp\/v2\/posts\/372068","targetHints":{"allow":["GET"]}}],"collection":[{"href":"https:\/\/www.europesays.com\/fr\/wp-json\/wp\/v2\/posts"}],"about":[{"href":"https:\/\/www.europesays.com\/fr\/wp-json\/wp\/v2\/types\/post"}],"author":[{"embeddable":true,"href":"https:\/\/www.europesays.com\/fr\/wp-json\/wp\/v2\/users\/2"}],"replies":[{"embeddable":true,"href":"https:\/\/www.europesays.com\/fr\/wp-json\/wp\/v2\/comments?post=372068"}],"version-history":[{"count":0,"href":"https:\/\/www.europesays.com\/fr\/wp-json\/wp\/v2\/posts\/372068\/revisions"}],"wp:featuredmedia":[{"embeddable":true,"href":"https:\/\/www.europesays.com\/fr\/wp-json\/wp\/v2\/media\/372069"}],"wp:attachment":[{"href":"https:\/\/www.europesays.com\/fr\/wp-json\/wp\/v2\/media?parent=372068"}],"wp:term":[{"taxonomy":"category","embeddable":true,"href":"https:\/\/www.europesays.com\/fr\/wp-json\/wp\/v2\/categories?post=372068"},{"taxonomy":"post_tag","embeddable":true,"href":"https:\/\/www.europesays.com\/fr\/wp-json\/wp\/v2\/tags?post=372068"}],"curies":[{"name":"wp","href":"https:\/\/api.w.org\/{rel}","templated":true}]}}