{"id":372070,"date":"2025-09-07T03:05:24","date_gmt":"2025-09-07T03:05:24","guid":{"rendered":"https:\/\/www.europesays.com\/fr\/372070\/"},"modified":"2025-09-07T03:05:24","modified_gmt":"2025-09-07T03:05:24","slug":"en-ille-et-vilaine-ce-groupe-de-rap-a-lancienne-en-concert-samedi","status":"publish","type":"post","link":"https:\/\/www.europesays.com\/fr\/372070\/","title":{"rendered":"En Ille-et-Vilaine, ce groupe de rap \u00e0 l&rsquo;ancienne en concert samedi"},"content":{"rendered":"<p>            Par<br \/>\n        <strong><br \/>\n            <a href=\"https:\/\/actu.fr\/auteur\/celestin-deseguier\" title=\"Consulter tous les articles de Celestin de S\u00e9guier\" target=\"_blank\" rel=\"noopener\">Celestin de S\u00e9guier<\/a><br \/>\n        <\/strong><\/p>\n<p>        Publi\u00e9 le<\/p>\n<p>            5 sept. 2025 \u00e0 18h00        <\/p>\n<p>C\u2019est un groupe mythique du hip-hop fran\u00e7ais qui sera samedi 6 septembre au soir en showcase \u00e0 l\u2019Icare Club de La Chapelle-Janson, pr\u00e8s de <a href=\"https:\/\/actu.fr\/bretagne\/fougeres_35115\" target=\"_blank\" rel=\"noopener\">Foug\u00e8res <\/a><b>(Ille-et-Vilaine)<\/b>. Groupe qui a marqu\u00e9 toute une g\u00e9n\u00e9ration avec ses sons devenus cultes, Sniper est n\u00e9 dans le Val-d\u2019Oise en 1997. Form\u00e9 de Bachir Baccour, alias Tunisiano et de Ryad Selmi, alias Aketo et de DJ-Roc J, le groupe se popularise au tout d\u00e9but des ann\u00e9es 2000.<\/p>\n<p>Des albums mythiques<\/p>\n<p class=\" wall-content\">Ce sont en particulier les albums Du rire aux larmes (2001) et Grav\u00e9 dans la roche, qui vont faire conna\u00eetre les musiciens. <b>Le groupe se s\u00e9pare en 2009<\/b>, mais revient \u00e9tonnamment en 2011 avec un nouvel album : \u00c0 toute \u00e9preuve, puis Personnalit\u00e9 suspecte Vol.1 en 2018.<\/p>\n<p>Une ann\u00e9e charni\u00e8re : 1997<\/p>\n<p class=\" wall-content\">La gen\u00e8se du groupe remonte aux francopholies de La\u00a0Rochelle en 1997. C\u2019est l\u00e0 que DJ Boudj et les trois rappeurs Aketo, Tunisiano et Blacko se forment en tant que groupe pour la premi\u00e8re fois.<\/p>\n<p class=\" wall-content\">L\u2019album qui marque le plus la carri\u00e8re du groupe est bien s\u00fbr Grav\u00e9 dans la roche. Largement diffus\u00e9 en France sur les ondes de Skyrock, il participera grandement \u00e0 faire conna\u00eetre les passionn\u00e9s de hip-hop.<b> Vendu \u00e0 600 000 exemplaires et certifi\u00e9 double disque de platine<\/b>, il marque toute une g\u00e9n\u00e9ration.<\/p>\n<p>Une soir\u00e9e l\u00e9gendaire<\/p>\n<p class=\" wall-content\">Samedi 6\u00a0septembre \u00e0 l\u2019Icare Club de la Chapelle-Janson, c\u2019est d\u2019ailleurs cet album qui marquera le th\u00e8me de la soir\u00e9e. Ce concert est organis\u00e9 dans un contexte ou l\u2019Icare a \u00e9t\u00e9 repris par une toute nouvelle \u00e9quipe il y a moins d\u2019un an. D\u00e9sormais, c\u2019est un trio de passionn\u00e9 du monde de la nuit qui g\u00e8re l\u2019\u00e9tablissement pour une soir\u00e9e l\u00e9gendaire.<\/p>\n<p>R\u00e9servation conseill\u00e9e, 15 \u20ac en pr\u00e9vente et 18 \u20ac sur place.\u00a0<\/p>\n<p class=\" wall-content\">Personnalisez votre actualit\u00e9 en ajoutant vos villes et m\u00e9dias en favori avec <a href=\"https:\/\/moncompte.actu.fr\" title=\"D\u00e9couvez Mon Actu\" rel=\"nofollow noopener\" data-trk=\"{&quot;cta&quot;:{&quot;action&quot;:&quot;https:\\\/\\\/moncompte.actu.fr&quot;,&quot;category&quot;:&quot;mon compte&quot;,&quot;from&quot;:&quot;article footer&quot;,&quot;name&quot;:&quot;Mon actu&quot;,&quot;type&quot;:&quot;cta&quot;}}\" target=\"_blank\">Mon Actu<\/a>.<\/p>\n","protected":false},"excerpt":{"rendered":"Par Celestin de S\u00e9guier Publi\u00e9 le 5 sept. 2025 \u00e0 18h00 C\u2019est un groupe mythique du hip-hop fran\u00e7ais&hellip;\n","protected":false},"author":2,"featured_media":372071,"comment_status":"","ping_status":"","sticky":false,"template":"","format":"standard","meta":{"footnotes":""},"categories":[1355],"tags":[1697,58,59,1011,27,1361,873,3616,104],"class_list":{"0":"post-372070","1":"post","2":"type-post","3":"status-publish","4":"format-standard","5":"has-post-thumbnail","7":"category-musique","8":"tag-concert","9":"tag-divertissement","10":"tag-entertainment","11":"tag-fr","12":"tag-france","13":"tag-music","14":"tag-musique","15":"tag-rap","16":"tag-societe"},"share_on_mastodon":{"url":"https:\/\/pubeurope.com\/@fr\/115160804451238106","error":""},"_links":{"self":[{"href":"https:\/\/www.europesays.com\/fr\/wp-json\/wp\/v2\/posts\/372070","targetHints":{"allow":["GET"]}}],"collection":[{"href":"https:\/\/www.europesays.com\/fr\/wp-json\/wp\/v2\/posts"}],"about":[{"href":"https:\/\/www.europesays.com\/fr\/wp-json\/wp\/v2\/types\/post"}],"author":[{"embeddable":true,"href":"https:\/\/www.europesays.com\/fr\/wp-json\/wp\/v2\/users\/2"}],"replies":[{"embeddable":true,"href":"https:\/\/www.europesays.com\/fr\/wp-json\/wp\/v2\/comments?post=372070"}],"version-history":[{"count":0,"href":"https:\/\/www.europesays.com\/fr\/wp-json\/wp\/v2\/posts\/372070\/revisions"}],"wp:featuredmedia":[{"embeddable":true,"href":"https:\/\/www.europesays.com\/fr\/wp-json\/wp\/v2\/media\/372071"}],"wp:attachment":[{"href":"https:\/\/www.europesays.com\/fr\/wp-json\/wp\/v2\/media?parent=372070"}],"wp:term":[{"taxonomy":"category","embeddable":true,"href":"https:\/\/www.europesays.com\/fr\/wp-json\/wp\/v2\/categories?post=372070"},{"taxonomy":"post_tag","embeddable":true,"href":"https:\/\/www.europesays.com\/fr\/wp-json\/wp\/v2\/tags?post=372070"}],"curies":[{"name":"wp","href":"https:\/\/api.w.org\/{rel}","templated":true}]}}