{"id":372074,"date":"2025-09-07T03:08:13","date_gmt":"2025-09-07T03:08:13","guid":{"rendered":"https:\/\/www.europesays.com\/fr\/372074\/"},"modified":"2025-09-07T03:08:13","modified_gmt":"2025-09-07T03:08:13","slug":"le-psg-accroche-dentree-a-lens-premiere-ligue-j1-lens-psg-1-1","status":"publish","type":"post","link":"https:\/\/www.europesays.com\/fr\/372074\/","title":{"rendered":"Le PSG accroch\u00e9 d\u2019entr\u00e9e \u00e0 Lens &#8211; Premi\u00e8re Ligue &#8211; J1 &#8211; Lens-PSG (1-1)"},"content":{"rendered":"<p>\t\t\t\u00a0<img decoding=\"async\" loading=\"lazy\" class=\"blason blason-grand\" src=\"https:\/\/www.europesays.com\/fr\/wp-content\/uploads\/2025\/04\/1745798058_548_grande.jpg\"\/> Lens 1-1 Paris Saint-Germain <img decoding=\"async\" loading=\"lazy\" class=\"blason blason-grand\" src=\"https:\/\/www.europesays.com\/fr\/wp-content\/uploads\/2025\/05\/1747012872_518_grande.jpg\"\/><\/p>\n<p>Buts : Jeudy (84e) pour Lens \/\/ Kanjinga (25e) pour le PSG<\/p>\n<p>C\u2019est ce qu\u2019on appelle caler au d\u00e9marrage.<\/p>\n<p>En d\u00e9placement chez le promu lensois pour lancer sa saison de Premi\u00e8re Ligue, <strong>le PSG a connu un premier couac. Longtemps devant au score, les Parisiennes ont en effet conc\u00e9d\u00e9 le nul en fin de partie, dans un stade Bollaert ravi du sc\u00e9nario (1-1)<\/strong>. Tout avait pourtant bien commenc\u00e9 pour les filles d\u00e9sormais entra\u00een\u00e9es par Paulo Cesar, qui prennent l\u2019avantage gr\u00e2ce \u00e0 Merveille Kanjinga, buteuse d\u2019un tir crois\u00e9 \u00e0 l\u2019issue d\u2019une longue course sur une ouverture de Jennifer Echegini <strong>(0-1, 25e)<\/strong>.<\/p>\n<p>Apr\u00e8s la pause, l\u2019entr\u00e9e de la recrue Rasheedat Ajibade et la fatigue apparente des Nordistes permettent aux Rouge et Bleu d\u2019augmenter leur mainmise sur la partie, mais Kanjinga ou Florianne Jourde, qui avait d\u00e9j\u00e0 envoy\u00e9 une lourde frappe sur la barre en premi\u00e8re p\u00e9riode, ne parviennent pas \u00e0 faire le break. Et le payent \u00e0 dix minutes du terme sur un centre venu de la droite coup\u00e9 par Sherly Jeudy pour arracher un nul presque inesp\u00e9r\u00e9 <strong>(1-1, 84e)<\/strong>. Pour le plus grand bonheur des plus de 10 000 spectateurs venus assister au premier match de Lens dans l\u2019\u00e9lite du football f\u00e9minin fran\u00e7ais.<\/p>\n<p>Une soir\u00e9e bien s\u00fbr achev\u00e9e en chanson au pied de la tribune Marek.<\/p>\n<p>\t\t\t\t\t\t\t\t\t\t<a class=\"lien-connexe\" href=\"https:\/\/www.sofoot.com\/breves\/un-transfert-record-pour-grace-geyoro-qui-passe-du-psg-a-london-city\" rel=\"nofollow noopener\" target=\"_blank\">Grace Geyoro quitte le PSG dans le cadre d\u2019un transfert record<\/a>\t\t\t\t\t<\/p>\n","protected":false},"excerpt":{"rendered":"\u00a0 Lens 1-1 Paris Saint-Germain Buts : Jeudy (84e) pour Lens \/\/ Kanjinga (25e) pour le PSG C\u2019est&hellip;\n","protected":false},"author":2,"featured_media":372075,"comment_status":"","ping_status":"","sticky":false,"template":"","format":"standard","meta":{"footnotes":""},"categories":[9],"tags":[47,61,69,65,64,63,1011,27,68,66,62,70,67,60],"class_list":{"0":"post-372074","1":"post","2":"type-post","3":"status-publish","4":"format-standard","5":"has-post-thumbnail","7":"category-sports","8":"tag-actualite","9":"tag-actus-football","10":"tag-bundesliga","11":"tag-championnats-europeens","12":"tag-equipe-de-france","13":"tag-football","14":"tag-fr","15":"tag-france","16":"tag-ligua","17":"tag-ligue-1","18":"tag-news-foot","19":"tag-premier-league","20":"tag-serie-a","21":"tag-sports"},"share_on_mastodon":{"url":"https:\/\/pubeurope.com\/@fr\/115160816732774317","error":""},"_links":{"self":[{"href":"https:\/\/www.europesays.com\/fr\/wp-json\/wp\/v2\/posts\/372074","targetHints":{"allow":["GET"]}}],"collection":[{"href":"https:\/\/www.europesays.com\/fr\/wp-json\/wp\/v2\/posts"}],"about":[{"href":"https:\/\/www.europesays.com\/fr\/wp-json\/wp\/v2\/types\/post"}],"author":[{"embeddable":true,"href":"https:\/\/www.europesays.com\/fr\/wp-json\/wp\/v2\/users\/2"}],"replies":[{"embeddable":true,"href":"https:\/\/www.europesays.com\/fr\/wp-json\/wp\/v2\/comments?post=372074"}],"version-history":[{"count":0,"href":"https:\/\/www.europesays.com\/fr\/wp-json\/wp\/v2\/posts\/372074\/revisions"}],"wp:featuredmedia":[{"embeddable":true,"href":"https:\/\/www.europesays.com\/fr\/wp-json\/wp\/v2\/media\/372075"}],"wp:attachment":[{"href":"https:\/\/www.europesays.com\/fr\/wp-json\/wp\/v2\/media?parent=372074"}],"wp:term":[{"taxonomy":"category","embeddable":true,"href":"https:\/\/www.europesays.com\/fr\/wp-json\/wp\/v2\/categories?post=372074"},{"taxonomy":"post_tag","embeddable":true,"href":"https:\/\/www.europesays.com\/fr\/wp-json\/wp\/v2\/tags?post=372074"}],"curies":[{"name":"wp","href":"https:\/\/api.w.org\/{rel}","templated":true}]}}