{"id":372076,"date":"2025-09-07T03:09:11","date_gmt":"2025-09-07T03:09:11","guid":{"rendered":"https:\/\/www.europesays.com\/fr\/372076\/"},"modified":"2025-09-07T03:09:11","modified_gmt":"2025-09-07T03:09:11","slug":"the-voice-of-hind-rajab-le-film-qui-a-marque-la-mostra-de-venise-finalement-prime","status":"publish","type":"post","link":"https:\/\/www.europesays.com\/fr\/372076\/","title":{"rendered":"\u00ab\u00a0The Voice of Hind Rajab\u00a0\u00bb, le film qui a marqu\u00e9 la Mostra de Venise, finalement prim\u00e9"},"content":{"rendered":"<p>        <img decoding=\"async\" loading=\"lazy\" src=\"https:\/\/www.europesays.com\/fr\/wp-content\/uploads\/2025\/09\/4c7630d_upload-1-sgnvmtpf4gad-afp-20250906-2234040258-v1-highres-closingceremonythe82ndveniceinterna.jpeg\"  width=\"728\" height=\"409\" alt=\"Le film The Voice of Hind Rajab a re\u00e7u le Lion d\u2019argent \u00e0 la Mostra de Venise.\"\/>  <\/p>\n<p>ANDREAS RENTZ \/ Getty Images via AFP<\/p>\n<p>Le film The Voice of Hind Rajab a re\u00e7u le Lion d\u2019argent \u00e0 la Mostra de Venise.<\/p>\n<p class=\"asset asset-text\">CIN\u00c9MA &#8211; C\u2019\u00e9tait le film \u00e9v\u00e8nement de cette \u00e9dition. Le documentaire <a href=\"https:\/\/www.huffingtonpost.fr\/culture\/article\/mostra-de-venise-the-voice-of-hind-rajab-n-est-pas-encore-projete-que-gaza-y-est-deja-dans-toutes-les-tetes_254121.html\" target=\"_blank\" rel=\"noopener\">The Voice of Hind Rajab<\/a> de la r\u00e9alisatrice tunisienne Kaouther Ben Hania, qui raconte le calvaire d\u2019une fillette palestinienne tu\u00e9e d\u00e9but 2024 \u00e0 Gaza, a \u00e9t\u00e9 r\u00e9compens\u00e9 ce samedi 6\u00a0septembre du Lion d\u2019argent \u00e0 <a href=\"https:\/\/www.huffingtonpost.fr\/culture\/video\/dwayne-johnson-a-la-mostra-de-venise-pour-the-smashing-machine-n-a-pas-reussi-a-retenir-ses-larmes_254308.html\" target=\"_blank\" rel=\"noopener\">la Mostra de Venise<\/a>, deuxi\u00e8me r\u00e9compense la plus prestigieuse.<\/p>\n<p class=\"asset asset-text\">\u00ab\u00a0Le cin\u00e9ma ne peut pas ramener Hind et effacer les atrocit\u00e9s commises contre elle\u00a0\u00bb, a r\u00e9agi Kaouther Ben Hania, accueillie par une standing ovation, en recevant son prix. Mais \u00ab\u00a0le cin\u00e9ma peut pr\u00e9server sa voix (&#8230;) car son histoire n\u2019est pas que la sienne. C\u2019est celle tragique de tout un peuple, un peuple souffrant d\u2019un g\u00e9nocide inflig\u00e9 par un gouvernement isra\u00e9lien criminel qui agit avec impunit\u00e9\u00a0\u00bb, a-t-elle insist\u00e9.<\/p>\n<p class=\"asset asset-text\">Le film, sur la mort d\u2019une petite fille de 5 ans \u00e0 Gaza, a suscit\u00e9 une immense \u00e9motion sur le Lido. Il raconte l\u2019histoire de Hind Rajab, retrouv\u00e9e morte \u00e0 l\u2019int\u00e9rieur d\u2019une voiture cribl\u00e9e de balles dans la ville de Gaza, plusieurs jours apr\u00e8s avoir pass\u00e9 trois heures au t\u00e9l\u00e9phone, le 29 janvier 2024, avec le Croissant-Rouge palestinien, alors que le v\u00e9hicule dans lequel elle voyageait avec six membres de sa famille avait \u00e9t\u00e9 vis\u00e9 par des soldats isra\u00e9liens.<\/p>\n<p>    Choisi pour repr\u00e9senter la Tunisie aux Oscars    <\/p>\n<p class=\"asset asset-text\">Kaouther Ben Hania a utilis\u00e9 les vrais enregistrements des appels \u00e0 l\u2019aide de la petite fille dans son film, qui se passe int\u00e9gralement dans le centre d\u2019appels des secours. Cette voix avait \u00e9mu l\u2019opinion publique internationale, lors de la diffusion des enregistrements dans la presse. \u00c0 l\u2019\u00e9poque, la r\u00e9alisatrice franco-tunisienne dit avoir ressenti\u00a0\u00ab\u00a0beaucoup de col\u00e8re, beaucoup de d\u00e9sespoir, mais aussi un sens de \u201cqu\u2019est-ce que je peux faire\u00a0?\u201d\u00a0\u00bb.<\/p>\n<p class=\"asset asset-text\">La projection du film mercredi, \u00e0 laquelle a assist\u00e9 le couple hollywoodien Joaquin Phoenix et Rooney Mara, tous deux producteurs ex\u00e9cutifs, a laiss\u00e9 la salle en larmes et \u00e9t\u00e9 accueillie par 23 minutes d\u2019applaudissements. Du jamais vu. Brad Pitt, qui a vu le film, a lui aussi d\u00e9cid\u00e9 d\u2019apporter son soutien, comme Jonathan Glazer, r\u00e9alisateur oscaris\u00e9 de\u00a0\u00ab\u00a0La zone d\u2019int\u00e9r\u00eat\u00a0\u00bb. Ils ont aussit\u00f4t fait l\u2019objet de menaces, selon la r\u00e9alisatrice.<\/p>\n<p class=\"asset asset-text\">Le film a d\u00e9j\u00e0 \u00e9t\u00e9 choisi pour repr\u00e9senter la Tunisie aux Oscars 2026. Le long-m\u00e9trage doit sortir le 17 septembre en Tunisie mais aucune date n\u2019est encore pr\u00e9vue en Europe. Aux \u00c9tats-Unis il n\u2019a pas encore de distributeur.<\/p>\n","protected":false},"excerpt":{"rendered":"ANDREAS RENTZ \/ Getty Images via AFP Le film The Voice of Hind Rajab a re\u00e7u le Lion&hellip;\n","protected":false},"author":2,"featured_media":372077,"comment_status":"","ping_status":"","sticky":false,"template":"","format":"standard","meta":{"footnotes":""},"categories":[8],"tags":[650,251,58,59,1011,27,665,48869],"class_list":{"0":"post-372076","1":"post","2":"type-post","3":"status-publish","4":"format-standard","5":"has-post-thumbnail","7":"category-divertissement","8":"tag-cinema","9":"tag-culture","10":"tag-divertissement","11":"tag-entertainment","12":"tag-fr","13":"tag-france","14":"tag-gaza","15":"tag-mostra-de-venise"},"share_on_mastodon":{"url":"https:\/\/pubeurope.com\/@fr\/115160820229667956","error":""},"_links":{"self":[{"href":"https:\/\/www.europesays.com\/fr\/wp-json\/wp\/v2\/posts\/372076","targetHints":{"allow":["GET"]}}],"collection":[{"href":"https:\/\/www.europesays.com\/fr\/wp-json\/wp\/v2\/posts"}],"about":[{"href":"https:\/\/www.europesays.com\/fr\/wp-json\/wp\/v2\/types\/post"}],"author":[{"embeddable":true,"href":"https:\/\/www.europesays.com\/fr\/wp-json\/wp\/v2\/users\/2"}],"replies":[{"embeddable":true,"href":"https:\/\/www.europesays.com\/fr\/wp-json\/wp\/v2\/comments?post=372076"}],"version-history":[{"count":0,"href":"https:\/\/www.europesays.com\/fr\/wp-json\/wp\/v2\/posts\/372076\/revisions"}],"wp:featuredmedia":[{"embeddable":true,"href":"https:\/\/www.europesays.com\/fr\/wp-json\/wp\/v2\/media\/372077"}],"wp:attachment":[{"href":"https:\/\/www.europesays.com\/fr\/wp-json\/wp\/v2\/media?parent=372076"}],"wp:term":[{"taxonomy":"category","embeddable":true,"href":"https:\/\/www.europesays.com\/fr\/wp-json\/wp\/v2\/categories?post=372076"},{"taxonomy":"post_tag","embeddable":true,"href":"https:\/\/www.europesays.com\/fr\/wp-json\/wp\/v2\/tags?post=372076"}],"curies":[{"name":"wp","href":"https:\/\/api.w.org\/{rel}","templated":true}]}}