{"id":372082,"date":"2025-09-07T03:12:13","date_gmt":"2025-09-07T03:12:13","guid":{"rendered":"https:\/\/www.europesays.com\/fr\/372082\/"},"modified":"2025-09-07T03:12:13","modified_gmt":"2025-09-07T03:12:13","slug":"les-causes-de-laccident-de-funiculaire-revelees","status":"publish","type":"post","link":"https:\/\/www.europesays.com\/fr\/372082\/","title":{"rendered":"les causes de l\u2019accident de funiculaire r\u00e9v\u00e9l\u00e9es"},"content":{"rendered":"<p class=\"article-p mdl\">Tous les contr\u00f4les avaient \u00e9t\u00e9 effectu\u00e9s. Pourtant, le funiculaire de la Gloria a d\u00e9raill\u00e9, mercredi 3 septembre, dans les rues de Lisbonne (Portugal). <strong>16 personnes sont mortes<\/strong>, dont une Fran\u00e7aise, dans ce qui semblait d\u00e9j\u00e0 \u00eatre un accident. Mais comment cette infrastructure embl\u00e9matique de la capitale portugaise a-t-elle pu d\u00e9valer la rue, en pente raide, <strong>avant de s\u2019\u00e9craser contre un immeuble ?\u2028<\/strong><\/p>\n<p class=\"article-p mdl\">Apr\u00e8s trois jours d\u2019enqu\u00eate, le Bureau d\u2019enqu\u00eate sur les accidents a\u00e9riens et ferroviaires (GPIAAF) a conclu que le d\u00e9raillement du\u00a0<a class=\"link\" href=\"https:\/\/www.rtl.fr\/actu\/international\/document-rtl-une-experience-traumatisante-une-rescapee-de-l-accident-du-funiculaire-de-lisbonne-retrace-le-drame-7900538084\" title=\"DOCUMENT RTL - &quot;Une exp\u00e9rience traumatisante&quot; : une rescap\u00e9e de l&#039;accident du funiculaire de Lisbonne retrace le drame\" rel=\"nofollow noopener\" target=\"_blank\">funiculaire<\/a>\u00a0a suivi <strong>\u00ab\u00a0la d\u00e9connexion du c\u00e2ble entre les deux cabines\u00a0\u00bb <\/strong>qui \u00e9taient reli\u00e9es. \u00ab\u00a0L&rsquo;inspection visuelle programm\u00e9e, r\u00e9alis\u00e9e le matin du jour de l&rsquo;accident, n&rsquo;a d\u00e9tect\u00e9 aucune anomalie sur le c\u00e2ble\u00a0\u00bb, pr\u00e9cisent par ailleurs les enqu\u00eateurs de cette agence publique charg\u00e9e d&rsquo;une enqu\u00eate.<\/p>\n<p class=\"article-p mdl\">Avant l\u2019accident, plusieurs signalements avaient \u00e9t\u00e9 r\u00e9alis\u00e9s par des syndicats. Ils pointaient des probl\u00e8mes d\u2019entretien des lignes. Selon les premiers \u00e9lements de l&rsquo;enqu\u00eate, le choc de l&rsquo;accident \u00ab\u00a0s&rsquo;est produit \u00e0 une vitesse de l&rsquo;ordre de 60 km\/h\u00a0\u00bb et \u00ab\u00a0tous ces \u00e9v\u00e9nements se sont d\u00e9roul\u00e9s en moins de 50 secondes\u00a0\u00bb.<\/p>\n<p class=\"article-p mdl\">\u00ab\u00a0Les cabines sont connect\u00e9es entre elles par un c\u00e2ble qui \u00e9quilibre leur poids via une grande roue r\u00e9versible situ\u00e9e au sommet de la Cal\u00e7ada da Gl\u00f3ria dans un compartiment technique souterrain\u00a0\u00bb, d\u00e9crivent aussi les enqu\u00eateurs, soulignant que la c\u00e2ble reliant les deux wagons \u00e9tait enterr\u00e9.<\/p>\n<p class=\"article-p mdl\">Ce drame a \u00e9t\u00e9 qualifi\u00e9 d\u2019<strong>une \u00ab\u00a0des plus grandes trag\u00e9dies humaines de notre histoire r\u00e9cente\u00a0\u00bb<\/strong> par le Premier ministre portugais, Lu\u00eds Montenegro. Une journ\u00e9e de deuil national a \u00e9t\u00e9 d\u00e9cr\u00e9t\u00e9e par le gouvernement portugais et a eu lieu jeudi, le lendemain du drame. Emmanuel Macron a r\u00e9agi \u00e0 cet accident mortel sur son compte X peu apr\u00e8s le drame : \u00ab\u00a0Les Fran\u00e7ais s\u2019associent au deuil des Portugais apr\u00e8s le tragique accident de funiculaire \u00e0 Lisbonne. Nos condol\u00e9ances aux familles endeuill\u00e9es et notre solidarit\u00e9 avec le Portugal\u00a0\u00bb, \u00e9crivait-il.\u00a0<\/p>\n<p>    La r\u00e9daction vous recommande<\/p>\n<p class=\"s-newsletter__title\">\n                L\u2019actualit\u00e9 par la r\u00e9daction de RTL dans votre bo\u00eete mail.\n            <\/p>\n<p class=\"s-newsletter__subtitle\">\n                Gr\u00e2ce \u00e0 votre compte RTL abonnez-vous \u00e0 la newsletter RTL info pour suivre toute l&rsquo;actualit\u00e9 au quotidien\n            <\/p>\n<p>\n                                    Lire la suite\n                                <\/p>\n","protected":false},"excerpt":{"rendered":"Tous les contr\u00f4les avaient \u00e9t\u00e9 effectu\u00e9s. Pourtant, le funiculaire de la Gloria a d\u00e9raill\u00e9, mercredi 3 septembre, dans&hellip;\n","protected":false},"author":2,"featured_media":372083,"comment_status":"","ping_status":"","sticky":false,"template":"","format":"standard","meta":{"footnotes":""},"categories":[5],"tags":[11,118,107,1011,27,14,12,6996,28],"class_list":{"0":"post-372082","1":"post","2":"type-post","3":"status-publish","4":"format-standard","5":"has-post-thumbnail","7":"category-international","8":"tag-actualites","9":"tag-faits-divers","10":"tag-fil-info","11":"tag-fr","12":"tag-france","13":"tag-international","14":"tag-news","15":"tag-portugal","16":"tag-world"},"share_on_mastodon":{"url":"https:\/\/pubeurope.com\/@fr\/115160832119988266","error":""},"_links":{"self":[{"href":"https:\/\/www.europesays.com\/fr\/wp-json\/wp\/v2\/posts\/372082","targetHints":{"allow":["GET"]}}],"collection":[{"href":"https:\/\/www.europesays.com\/fr\/wp-json\/wp\/v2\/posts"}],"about":[{"href":"https:\/\/www.europesays.com\/fr\/wp-json\/wp\/v2\/types\/post"}],"author":[{"embeddable":true,"href":"https:\/\/www.europesays.com\/fr\/wp-json\/wp\/v2\/users\/2"}],"replies":[{"embeddable":true,"href":"https:\/\/www.europesays.com\/fr\/wp-json\/wp\/v2\/comments?post=372082"}],"version-history":[{"count":0,"href":"https:\/\/www.europesays.com\/fr\/wp-json\/wp\/v2\/posts\/372082\/revisions"}],"wp:featuredmedia":[{"embeddable":true,"href":"https:\/\/www.europesays.com\/fr\/wp-json\/wp\/v2\/media\/372083"}],"wp:attachment":[{"href":"https:\/\/www.europesays.com\/fr\/wp-json\/wp\/v2\/media?parent=372082"}],"wp:term":[{"taxonomy":"category","embeddable":true,"href":"https:\/\/www.europesays.com\/fr\/wp-json\/wp\/v2\/categories?post=372082"},{"taxonomy":"post_tag","embeddable":true,"href":"https:\/\/www.europesays.com\/fr\/wp-json\/wp\/v2\/tags?post=372082"}],"curies":[{"name":"wp","href":"https:\/\/api.w.org\/{rel}","templated":true}]}}