{"id":372084,"date":"2025-09-07T03:13:14","date_gmt":"2025-09-07T03:13:14","guid":{"rendered":"https:\/\/www.europesays.com\/fr\/372084\/"},"modified":"2025-09-07T03:13:14","modified_gmt":"2025-09-07T03:13:14","slug":"une-dissolution-ultrarapide-larriere-pensee-flagrante-de-marine-le-pen-2","status":"publish","type":"post","link":"https:\/\/www.europesays.com\/fr\/372084\/","title":{"rendered":"Une dissolution \u00ab\u00a0ultrarapide\u00a0\u00bb\u00a0? L\u2019arri\u00e8re-pens\u00e9e flagrante de Marine Le\u00a0Pen"},"content":{"rendered":"<p>        <img decoding=\"async\" loading=\"lazy\" src=\"https:\/\/www.europesays.com\/fr\/wp-content\/uploads\/2025\/09\/dcf2a04_upload-1-onxi1h05kibm-000-73674tj.jpg\"  width=\"728\" height=\"409\" alt=\"Marine Le Pen et Jordan Bardella photographi\u00e9s ce mardi 2\u00a0septembre \u00e0 Matignon.\"\/>  <\/p>\n<p>BERTRAND GUAY \/ AFP<\/p>\n<p>Marine Le Pen et Jordan Bardella photographi\u00e9s ce mardi 2\u00a0septembre \u00e0 Matignon.<\/p>\n<p class=\"asset asset-text\">POLITIQUE &#8211; Il y a quelque chose de pratique avec le Rassemblement national\u00a0: sa capacit\u00e9 \u00e0 d\u00e9voiler ses intentions avant m\u00eame que les \u00e9v\u00e9nements surviennent. Illustration ce mardi 2\u00a0septembre avec cet appel lanc\u00e9 par <a href=\"https:\/\/www.huffingtonpost.fr\/politique\/article\/marine-le-pen-et-le-rn-douchent-les-derniers-espoirs-de-francois-bayrou-apres-leur-entretien-a-matignon_254303.html\" rel=\"nofollow noopener\" target=\"_blank\">Marine Le\u00a0Pen depuis Matignon<\/a>, apr\u00e8s avoir \u00e9t\u00e9 re\u00e7ue par <a href=\"https:\/\/www.huffingtonpost.fr\/politique\/article\/nicolas-sarkozy-plaide-pour-une-dissolution-meme-si-c-est-favorable-au-rn_254321.html\" rel=\"nofollow noopener\" target=\"_blank\">Fran\u00e7ois Bayrou <\/a>en compagnie de Jordan Bardella. Sit\u00f4t l\u2019entrevue termin\u00e9e, la pr\u00e9sidente du groupe RN \u00e0 l\u2019Assembl\u00e9e nationale a demand\u00e9 une \u00ab\u00a0dissolution ultrarapide\u00a0\u00bb de l\u2019Assembl\u00e9e nationale, qui interviendrait apr\u00e8s la chute annonc\u00e9e du Premier ministre lundi 8\u00a0septembre.<\/p>\n<p class=\"asset asset-text\">Il en va selon elle de la stabilit\u00e9 financi\u00e8re de la France. \u00ab\u00a0Il faut que la nouvelle majorit\u00e9 issue de ces nouvelles \u00e9lections puisse construire un budget, pour que notre pays ait un budget\u00a0\u00bb, a fait valoir Marine Le\u00a0Pen. L\u2019argument qu\u2019elle devrait r\u00e9p\u00e9ter ce dimanche 7\u00a0\u00e0 l\u2019occasion de son discours de rentr\u00e9e \u00e0 H\u00e9nin-Beaumont peut pr\u00eater \u00e0 sourire, lorsqu\u2019on se souvient que cette m\u00eame Marine Le\u00a0Pen avait censur\u00e9 Michel Barnier au moment m\u00eame o\u00f9 celui-ci pr\u00e9sentait son budget, contraignant donc le gouvernement d\u00e9missionnaire \u00e0 agir via <a href=\"https:\/\/www.huffingtonpost.fr\/politique\/article\/la-loi-speciale-presentee-en-conseil-des-ministres-voici-ce-qu-elle-peut-contenir-ou-non_243362.html\" rel=\"nofollow noopener\" target=\"_blank\">une loi sp\u00e9ciale<\/a>.<\/p>\n<p class=\"asset asset-text\">Car il s\u2019agit en r\u00e9alit\u00e9 d\u2019un pr\u00e9texte. Cette demande est motiv\u00e9e par un premier motif, purement politique. La volont\u00e9 de prendre une revanche sur les l\u00e9gislatives de 2024, avec l\u2019ambition d\u2019une victoire nette qui installerait Jordan Bardella \u00e0 Matignon. Un sondage Elabe <a href=\"https:\/\/www.huffingtonpost.fr\/politique\/article\/ce-sondage-en-cas-de-legislatives-partielles-ne-fait-pas-que-placer-le-rn-en-tete_254213.html\" rel=\"nofollow noopener\" target=\"_blank\">pr\u00e9disant l\u2019effondrement du \u00ab\u00a0front r\u00e9publicain\u00a0\u00bb<\/a> nourrit les espoirs au sein du parti lep\u00e9niste. Mais la r\u00e9elle intention concerne Marine Le\u00a0Pen, et elle seule. Car en cas de dissolution prononc\u00e9e par Emmanuel Macron, la d\u00e9put\u00e9e du Pas-de-Calais se porterait (de nouveau) candidate dans sa circonscription.<\/p>\n<p>    Faire sauter l\u2019in\u00e9ligibilit\u00e9    <\/p>\n<p class=\"asset asset-text\">Probl\u00e8me\u00a0: il n\u2019a \u00e9chapp\u00e9 \u00e0 personne que l\u2019int\u00e9ress\u00e9e a \u00e9t\u00e9 frapp\u00e9e d\u2019une in\u00e9ligibilit\u00e9 avec ex\u00e9cution provisoire en compl\u00e9ment lors de sa condamnation en premi\u00e8re instance pour d\u00e9tournement de fonds publics dans l\u2019affaire des assistants europ\u00e9ens. Et c\u2019est pr\u00e9cis\u00e9ment sur ce point que le Rassemblement national pense avoir une carte \u00e0 jouer. Au mois de juillet, le secr\u00e9taire g\u00e9n\u00e9ral du groupe RN \u00e0 l&rsquo;Assembl\u00e9e, Renaud Labaye, d\u00e9voilait aupr\u00e8s du <a href=\"https:\/\/www.lepoint.fr\/politique\/elle-est-remontee-a-cheval-l-optimisme-retrouve-de-marine-le-pen-03-07-2025-2593557_20.php?lpmc=1756734235\" target=\"_blank\" rel=\"noopener nofollow\" title=\"Nouvelle fen\u00eatre\">Point<\/a> la strat\u00e9gie en cas de dissolution.<\/p>\n<p class=\"asset asset-text\">\u00ab\u00a0Ce sera l\u2019occasion de tester l\u2019in\u00e9ligibilit\u00e9 de Marine Le\u00a0Pen. La pr\u00e9fecture prendra un arr\u00eat\u00e9 pour invalider sa candidature et nous contesterons cet arr\u00eat\u00e9 devant le Conseil constitutionnel. Sa jurisprudence r\u00e9cente allant dans notre sens, je ne serais pas \u00e9tonn\u00e9 qu\u2019il casse l\u2019in\u00e9ligibilit\u00e9\u00a0\u00bb, a-t-il d\u00e9taill\u00e9. Or, ce plan vise un double objectif. Le premier, imp\u00e9rieux, faire sauter l\u2019in\u00e9ligibilit\u00e9 qui menace plus que s\u00e9rieusement sa candidature \u00e0 la pr\u00e9sidentielle de 2027.<\/p>\n<p class=\"asset asset-text\">Voici comment cela pourrait fonctionner. En se pr\u00e9sentant malgr\u00e9 son in\u00e9ligibilit\u00e9, Marine Le\u00a0Pen serait dans l\u2019impossibilit\u00e9 de briguer son si\u00e8ge, puisque le pr\u00e9fet a de fait l\u2019interdiction d\u2019enregistrer sa candidature. Comme l\u2019explique Renaud Labaye, une question prioritaire de constitutionnalit\u00e9 (QPC) portant sur l\u2019ex\u00e9cution provisoire de l\u2019in\u00e9ligibilit\u00e9 serait alors d\u00e9pos\u00e9e par la cheffe de file du RN.\u00a0L\u2019\u00e9lection l\u00e9gislative se d\u00e9roulerait sans elle, mais les Sages seraient contraints de statuer sur son cas.<\/p>\n<p class=\"asset asset-text\">Or, <a href=\"https:\/\/www.huffingtonpost.fr\/politique\/article\/cette-decision-du-conseil-constitutionnel-n-arrange-pas-le-cas-de-marine-le-pen_248071.html\" rel=\"nofollow noopener\" target=\"_blank\">dans sa derni\u00e8re d\u00e9cision<\/a>, le Conseil constitutionnel estime qu\u2019il appartient au juge p\u00e9nal \u00ab\u00a0d\u2019appr\u00e9cier le caract\u00e8re proportionn\u00e9 de l\u2019atteinte que cette mesure est susceptible de porter \u00e0 l\u2019exercice d\u2019un mandat en cours et \u00e0 la pr\u00e9servation de la libert\u00e9 de l\u2019\u00e9lecteur\u00a0\u00bb et fait une distinction entre le statut d\u2019\u00e9lu local et celui d\u2019\u00e9lu national. Et c\u2019est sur cette distinction que Marine Le\u00a0Pen esp\u00e8re avoir gain de cause, en mettant un petit coup de pression au Conseil constitutionnel. Une instance qui, rappelons-le, est pr\u00e9sid\u00e9e par Richard Ferrand, <a href=\"https:\/\/www.huffingtonpost.fr\/politique\/article\/conseil-constitutionnel-richard-ferrand-deja-fragilise-entre-soupcons-de-deal-cache-et-victoire-etriquee_246408.html\" rel=\"nofollow noopener\" target=\"_blank\">\u00e9lu notamment gr\u00e2ce \u00e0 l\u2019abstention bienveillante des d\u00e9put\u00e9s RN<\/a>.<\/p>\n<p class=\"asset asset-text\">\u00ab\u00a0\u00c0 l\u2019aune de mon d\u00e9p\u00f4t de candidature, l\u2019autorit\u00e9 constitutionnelle pourrait enfin analyser la validit\u00e9 de cette ex\u00e9cution provisoire de l\u2019in\u00e9ligibilit\u00e9 qui m\u2019a \u00e9t\u00e9 appliqu\u00e9e en premi\u00e8re instance\u00a0\u00bb, pr\u00e9venait-elle le 16\u00a0juillet dans <a href=\"https:\/\/www.leparisien.fr\/politique\/marine-le-pen-en-letat-il-est-impossible-pour-le-rn-de-ne-pas-censurer-ce-gouvernement-16-07-2025-AOSS6BC47ZH4DOU4HUUVKSEOXM.php\" target=\"_blank\" rel=\"noopener nofollow\" title=\"Nouvelle fen\u00eatre\">Le Parisien.<\/a> Dit autrement, Marine Le\u00a0Pen profiterait d\u2019une dissolution pour tester le degr\u00e9 de diff\u00e9renciation existant aux yeux des Sages entre le statut d\u2019\u00e9lu local et d\u2019\u00e9lu national, ce qui pourrait d\u00e9boucher sur la lev\u00e9e de son in\u00e9ligibilit\u00e9, et solderait les sp\u00e9culations sur sa capacit\u00e9 \u00e0 se pr\u00e9senter en 2027.<\/p>\n<p>    Tuer le \u00ab\u00a0plan B\u00a0\u00bb dans l\u2019\u0153uf    <\/p>\n<p class=\"asset asset-text\">Un doute subsiste toutefois quant \u00e0 la viabilit\u00e9 de la man\u0153uvre, puisque, comme le souligne <a href=\"https:\/\/www.publicsenat.fr\/actualites\/politique\/dissolution-marine-le-pen-pourrait-elle-se-representer-malgre-sa-peine-dineligibilite\" target=\"_blank\" rel=\"noopener nofollow\" title=\"Nouvelle fen\u00eatre\">Public S\u00e9nat<\/a>, la candidate putative \u00e0 la pr\u00e9sidentielle ne serait plus \u00e9lue au moment de cette initiative. Ce qui pourrait faire capoter cette tentative. \u00ab\u00a0Le 10\u00a0juillet\u00a02024, le Conseil constitutionnel a jug\u00e9 irrecevable la saisine des d\u00e9put\u00e9s insoumis au sujet de la loi visant \u00e0 pr\u00e9venir les ing\u00e9rences \u00e9trang\u00e8res en France, car l\u2019Assembl\u00e9e nationale avait \u00e9t\u00e9 dissoute, la veille, le 9\u00a0juillet. Ils n\u2019\u00e9taient donc plus parlementaires. Ce serait la m\u00eame chose pour Marine le Pen en cas de nouvelle dissolution\u00a0\u00bb, rappelle \u00e0 la cha\u00eene Mathieu Carpentier, professeur de droit public \u00e0 l\u2019universit\u00e9 de Toulouse Capitole.<\/p>\n<p class=\"asset asset-text\">Reste que l\u2019espoir demeure au RN, d\u2019autant que le sc\u00e9nario aurait un autre avantage\u00a0: tuer dans l\u2019\u0153uf l\u2019hypoth\u00e8se du \u00ab\u00a0plan B\u00a0\u00bb, envoyant Jordan Bardella \u00e0 la pr\u00e9sidentielle en cas d\u2019emp\u00eachement. Alors que le pr\u00e9sident du RN pourrait se pr\u00e9senter aux \u00e9lections l\u00e9gislatives, et r\u00e9cup\u00e9rer soit la t\u00eate du groupe lep\u00e9niste \u00e0 l\u2019Assembl\u00e9e pour pallier l\u2019impossibilit\u00e9 de Marine Le\u00a0Pen de se pr\u00e9senter, soit Matignon en cas de succ\u00e8s du parti d\u2019extr\u00eame droite en cas de l\u00e9gislatives anticip\u00e9es, cette dissolution \u00ab\u00a0ultrarapide\u00a0\u00bb pourrait donc s\u2019av\u00e9rer doublement payante pour la fille de Jean-Marie Le\u00a0Pen. Laquelle aurait beau jeu de rappeler que dans ce parti, il n\u2019y a qu\u2019une seule candidate possible \u00e0 la pr\u00e9sidentielle.<\/p>\n","protected":false},"excerpt":{"rendered":"BERTRAND GUAY \/ AFP Marine Le Pen et Jordan Bardella photographi\u00e9s ce mardi 2\u00a0septembre \u00e0 Matignon. POLITIQUE &#8211;&hellip;\n","protected":false},"author":2,"featured_media":361552,"comment_status":"","ping_status":"","sticky":false,"template":"","format":"standard","meta":{"footnotes":""},"categories":[4],"tags":[11,25020,1011,27,6192,430,12,316,3919,25],"class_list":{"0":"post-372084","1":"post","2":"type-post","3":"status-publish","4":"format-standard","5":"has-post-thumbnail","7":"category-france","8":"tag-actualites","9":"tag-dissolution","10":"tag-fr","11":"tag-france","12":"tag-ineligibilite","13":"tag-marine-le-pen","14":"tag-news","15":"tag-politique","16":"tag-rassemblement","17":"tag-republique-francaise"},"share_on_mastodon":{"url":"https:\/\/pubeurope.com\/@fr\/115160836115226236","error":""},"_links":{"self":[{"href":"https:\/\/www.europesays.com\/fr\/wp-json\/wp\/v2\/posts\/372084","targetHints":{"allow":["GET"]}}],"collection":[{"href":"https:\/\/www.europesays.com\/fr\/wp-json\/wp\/v2\/posts"}],"about":[{"href":"https:\/\/www.europesays.com\/fr\/wp-json\/wp\/v2\/types\/post"}],"author":[{"embeddable":true,"href":"https:\/\/www.europesays.com\/fr\/wp-json\/wp\/v2\/users\/2"}],"replies":[{"embeddable":true,"href":"https:\/\/www.europesays.com\/fr\/wp-json\/wp\/v2\/comments?post=372084"}],"version-history":[{"count":0,"href":"https:\/\/www.europesays.com\/fr\/wp-json\/wp\/v2\/posts\/372084\/revisions"}],"wp:featuredmedia":[{"embeddable":true,"href":"https:\/\/www.europesays.com\/fr\/wp-json\/wp\/v2\/media\/361552"}],"wp:attachment":[{"href":"https:\/\/www.europesays.com\/fr\/wp-json\/wp\/v2\/media?parent=372084"}],"wp:term":[{"taxonomy":"category","embeddable":true,"href":"https:\/\/www.europesays.com\/fr\/wp-json\/wp\/v2\/categories?post=372084"},{"taxonomy":"post_tag","embeddable":true,"href":"https:\/\/www.europesays.com\/fr\/wp-json\/wp\/v2\/tags?post=372084"}],"curies":[{"name":"wp","href":"https:\/\/api.w.org\/{rel}","templated":true}]}}