{"id":372085,"date":"2025-09-07T03:14:17","date_gmt":"2025-09-07T03:14:17","guid":{"rendered":"https:\/\/www.europesays.com\/fr\/372085\/"},"modified":"2025-09-07T03:14:17","modified_gmt":"2025-09-07T03:14:17","slug":"ne-manquez-pas-la-pleine-lune-rouge-a-observer-ce-7-septembre-2025","status":"publish","type":"post","link":"https:\/\/www.europesays.com\/fr\/372085\/","title":{"rendered":"Ne manquez pas la pleine lune rouge \u00e0 observer ce 7\u00a0septembre 2025"},"content":{"rendered":"<p>Une \u00e9clipse lunaire totale se produit lorsque la Terre s\u2019interpose parfaitement entre le <a href=\"https:\/\/www.20minutes.fr\/dossier\/soleil\" class=\"c-link c-link--is-underlined\" rel=\"nofollow noopener\" target=\"_blank\">Soleil<\/a> et la Lune. Priv\u00e9 de lumi\u00e8re directe, notre satellite naturel est alors plong\u00e9 dans l\u2019ombre terrestre. Cela lui donne un \u00e9clat rouge\u00e2tre spectaculaire.<\/p>\n<p>On parle donc de pleine lune rouge ou de la lune de sang. C\u2019est un ph\u00e9nom\u00e8ne spectaculaire qui se produit rarement et de mani\u00e8re in\u00e9gale aux quatre coins de la plan\u00e8te. La prochaine \u00e9clipse lunaire totale se produira le dimanche 7\u00a0septembre 2025.<\/p>\n<p>Un spectacle c\u00e9leste visible \u00e0 l\u2019\u0153il nu dimanche soir<\/p>\n<p>La lune de sang commencera \u00e0 17h28, heure de Paris. La Lune sera totalement plong\u00e9e dans l\u2019ombre de la <a href=\"https:\/\/www.20minutes.fr\/sciences\/terre\/\" class=\"c-link c-link--is-underlined\" rel=\"nofollow noopener\" target=\"_blank\">Terre<\/a> environ deux heures plus tard. La phase totale de l\u2019\u00e9clipse durera 82 minutes. C\u2019est un spectacle \u00e0 ne pas manquer pour les passionn\u00e9s d\u2019astronomie.<\/p>\n<p>Bonne nouvelle pour les curieux qui voudraient d\u00e9couvrir \u00e0 quoi ressemble une \u00e9clipse lunaire totale\u00a0: elle sera visible directement \u00e0 l\u2019\u0153il nu. Vous n\u2019avez pas besoin de t\u00e9lescope ou d\u2019autre mat\u00e9riel pour en profiter. Bien entendu, des jumelles ou un petit t\u00e9lescope vous permettront de contempler davantage de d\u00e9tails.<\/p>\n<p>En France m\u00e9tropolitaine, seules les derni\u00e8res phases seront visibles<\/p>\n<p>Attention cependant, toutes les phases de l\u2019\u00e9clipse ne seront pas visibles en France m\u00e9tropolitaine et en <a href=\"https:\/\/www.20minutes.fr\/dossier\/europe\" class=\"c-link c-link--is-underlined\" rel=\"nofollow noopener\" target=\"_blank\">Europe<\/a>. Nous verrons la lune de sang, mais seules les derni\u00e8res phases illumineront le ciel nocturne.<\/p>\n<p>Les experts estiment que la phase totale se produira entre 19h30 et 20h52 avec le maximum de l\u2019\u00e9clipse pr\u00e9vu vers 20h11. Privil\u00e9giez une zone o\u00f9 le ciel est compl\u00e8tement d\u00e9gag\u00e9 pour profiter au maximum du spectacle.<\/p>\n<p>La totalit\u00e9 de l\u2019\u00e9clipse sera visible depuis l\u2019oc\u00e9an Indien, notamment \u00e0 la R\u00e9union, \u00e0 l\u2019\u00eele Maurice, aux Seychelles et aux Maldives. Bien entendu, encore faut-il que les conditions m\u00e9t\u00e9orologiques soient bonnes pour admirer la lune rouge dans toute sa splendeur.<\/p>\n","protected":false},"excerpt":{"rendered":"Une \u00e9clipse lunaire totale se produit lorsque la Terre s\u2019interpose parfaitement entre le Soleil et la Lune. Priv\u00e9&hellip;\n","protected":false},"author":2,"featured_media":372086,"comment_status":"","ping_status":"","sticky":false,"template":"","format":"standard","meta":{"footnotes":""},"categories":[2],"tags":[11,48,4512,1011,27,142,4506,12,41],"class_list":{"0":"post-372085","1":"post","2":"type-post","3":"status-publish","4":"format-standard","5":"has-post-thumbnail","7":"category-actualites","8":"tag-actualites","9":"tag-astronomie","10":"tag-ciel","11":"tag-fr","12":"tag-france","13":"tag-high-tech","14":"tag-lune","15":"tag-news","16":"tag-sciences"},"share_on_mastodon":{"url":"https:\/\/pubeurope.com\/@fr\/115160839797177489","error":""},"_links":{"self":[{"href":"https:\/\/www.europesays.com\/fr\/wp-json\/wp\/v2\/posts\/372085","targetHints":{"allow":["GET"]}}],"collection":[{"href":"https:\/\/www.europesays.com\/fr\/wp-json\/wp\/v2\/posts"}],"about":[{"href":"https:\/\/www.europesays.com\/fr\/wp-json\/wp\/v2\/types\/post"}],"author":[{"embeddable":true,"href":"https:\/\/www.europesays.com\/fr\/wp-json\/wp\/v2\/users\/2"}],"replies":[{"embeddable":true,"href":"https:\/\/www.europesays.com\/fr\/wp-json\/wp\/v2\/comments?post=372085"}],"version-history":[{"count":0,"href":"https:\/\/www.europesays.com\/fr\/wp-json\/wp\/v2\/posts\/372085\/revisions"}],"wp:featuredmedia":[{"embeddable":true,"href":"https:\/\/www.europesays.com\/fr\/wp-json\/wp\/v2\/media\/372086"}],"wp:attachment":[{"href":"https:\/\/www.europesays.com\/fr\/wp-json\/wp\/v2\/media?parent=372085"}],"wp:term":[{"taxonomy":"category","embeddable":true,"href":"https:\/\/www.europesays.com\/fr\/wp-json\/wp\/v2\/categories?post=372085"},{"taxonomy":"post_tag","embeddable":true,"href":"https:\/\/www.europesays.com\/fr\/wp-json\/wp\/v2\/tags?post=372085"}],"curies":[{"name":"wp","href":"https:\/\/api.w.org\/{rel}","templated":true}]}}