{"id":372087,"date":"2025-09-07T03:15:39","date_gmt":"2025-09-07T03:15:39","guid":{"rendered":"https:\/\/www.europesays.com\/fr\/372087\/"},"modified":"2025-09-07T03:15:39","modified_gmt":"2025-09-07T03:15:39","slug":"intemperies-pluie-et-grele-dans-les-rues-de-saint-chamond","status":"publish","type":"post","link":"https:\/\/www.europesays.com\/fr\/372087\/","title":{"rendered":"Intemp\u00e9ries : Pluie et gr\u00eale dans les rues de Saint-Chamond"},"content":{"rendered":"<p>La Loire est plac\u00e9e en vigilance jaune ce jeudi 4 septembre en raison des orages. Dans la matin\u00e9e, la commune de Saint-Chamond a \u00e9t\u00e9 particuli\u00e8rement touch\u00e9e par de fortes averses m\u00ealant pluie et gr\u00eale.<\/p>\n<p>Les fortes pr\u00e9cipitations ont entra\u00een\u00e9 des inondations localis\u00e9es dans certaines rues. Des amas de gr\u00ealons se sont \u00e9galement accumul\u00e9s sur la chauss\u00e9e.<\/p>\n<p>Sur sa page Facebook, la municipalit\u00e9 a publi\u00e9 plusieurs clich\u00e9s montrant l\u2019importance des pr\u00e9cipitations. Les agents communaux ont \u00e9t\u00e9 mobilis\u00e9s pour d\u00e9gager la voirie, \u00e9quip\u00e9s de balais, de pelles et d\u2019engins de d\u00e9blaiement.<\/p>\n<p>La mairie appelle les habitants \u00e0 la vigilance pendant la dur\u00e9e de l&rsquo;\u00e9pisode.\u00a0<br \/>La <strong>vigilance jaune \u00ab orages \u00bb<\/strong> est maintenue dans la Loire<strong> jusqu\u2019\u00e0 21 heures ce jeudi<\/strong>.<\/p>\n<p>Le SDIS a compt\u00e9 quatre interventions \u00e0 Saint-Chamond et \u00e0 Saint-\u00c9tienne, li\u00e9es aux fortes pr\u00e9cipitations.<\/p>\n<p>C. Ercilla\u00a0 \u00a0 \u00a0 \u00a0 \u00a0 \u00a0 \u00a0 \u00a0 \u00a0 \u00a0 \u00a0 \u00a0 \u00a0 \u00a0 \u00a0 \u00a0 \u00a0 \u00a0 \u00a0 \u00a0 \u00a0 \u00a0 \u00a0 \u00a0 \u00a0 \u00a0 \u00a0 \u00a0 \u00a0 \u00a0 \u00a0 \u00a0 \u00a0 \u00a0 \u00a0 \u00a0 \u00a0 \u00a0 \u00a0 \u00a0 \u00a0 \u00a0 \u00a0 \u00a0 \u00a0 \u00a0 \u00a0 \u00a0 \u00a0 \u00a0 \u00a0 \u00a0 \u00a0 \u00a0 \u00a0 \u00a0 \u00a0 \u00a0 \u00a0photo Ville de Saint-Chamond<\/p>\n","protected":false},"excerpt":{"rendered":"La Loire est plac\u00e9e en vigilance jaune ce jeudi 4 septembre en raison des orages. Dans la matin\u00e9e,&hellip;\n","protected":false},"author":2,"featured_media":372088,"comment_status":"","ping_status":"","sticky":false,"template":"","format":"standard","meta":{"footnotes":""},"categories":[9653],"tags":[1111,11,2430,1777,674,1011,27,12,25,4001],"class_list":{"0":"post-372087","1":"post","2":"type-post","3":"status-publish","4":"format-standard","5":"has-post-thumbnail","7":"category-saint-etienne","8":"tag-actu","9":"tag-actualites","10":"tag-auvergne-rhone-alpes","11":"tag-eu","12":"tag-europe","13":"tag-fr","14":"tag-france","15":"tag-news","16":"tag-republique-francaise","17":"tag-saint-etienne"},"share_on_mastodon":{"url":"https:\/\/pubeurope.com\/@fr\/115160843856413135","error":""},"_links":{"self":[{"href":"https:\/\/www.europesays.com\/fr\/wp-json\/wp\/v2\/posts\/372087","targetHints":{"allow":["GET"]}}],"collection":[{"href":"https:\/\/www.europesays.com\/fr\/wp-json\/wp\/v2\/posts"}],"about":[{"href":"https:\/\/www.europesays.com\/fr\/wp-json\/wp\/v2\/types\/post"}],"author":[{"embeddable":true,"href":"https:\/\/www.europesays.com\/fr\/wp-json\/wp\/v2\/users\/2"}],"replies":[{"embeddable":true,"href":"https:\/\/www.europesays.com\/fr\/wp-json\/wp\/v2\/comments?post=372087"}],"version-history":[{"count":0,"href":"https:\/\/www.europesays.com\/fr\/wp-json\/wp\/v2\/posts\/372087\/revisions"}],"wp:featuredmedia":[{"embeddable":true,"href":"https:\/\/www.europesays.com\/fr\/wp-json\/wp\/v2\/media\/372088"}],"wp:attachment":[{"href":"https:\/\/www.europesays.com\/fr\/wp-json\/wp\/v2\/media?parent=372087"}],"wp:term":[{"taxonomy":"category","embeddable":true,"href":"https:\/\/www.europesays.com\/fr\/wp-json\/wp\/v2\/categories?post=372087"},{"taxonomy":"post_tag","embeddable":true,"href":"https:\/\/www.europesays.com\/fr\/wp-json\/wp\/v2\/tags?post=372087"}],"curies":[{"name":"wp","href":"https:\/\/api.w.org\/{rel}","templated":true}]}}