{"id":372089,"date":"2025-09-07T03:16:14","date_gmt":"2025-09-07T03:16:14","guid":{"rendered":"https:\/\/www.europesays.com\/fr\/372089\/"},"modified":"2025-09-07T03:16:14","modified_gmt":"2025-09-07T03:16:14","slug":"la-serbie-et-stojkovic-continuent-leur-carton-plein","status":"publish","type":"post","link":"https:\/\/www.europesays.com\/fr\/372089\/","title":{"rendered":"La Serbie et Stojkovic continuent leur carton plein !"},"content":{"rendered":"<p data-start=\"341\" data-end=\"575\"><strong data-start=\"341\" data-end=\"575\">Strahinja Stojkovi\u0107, jeune lat\u00e9ral de l\u2019AS Saint-\u00c9tienne, a rejoint <a href=\"https:\/\/www.sofascore.com\/fr\/equipe\/football\/serbia-u19\/22556\" target=\"_blank\" rel=\"noopener nofollow\">la s\u00e9lection serbe U19 <\/a>pour participer au tournoi international <a href=\"https:\/\/peuple-vert.fr\/asse-actualite\/stojkovic-asse-serbie-u19\/\" rel=\"nofollow noopener\" target=\"_blank\">\u00ab\u00a0Stevan \u0106ele Viloti\u0107\u00a0\u00bb.<\/a> Une belle opportunit\u00e9 de progression pour le joueur form\u00e9 \u00e0 l&rsquo;\u00c9toile Rouge.<\/strong><\/p>\n<p data-start=\"631\" data-end=\"958\">Du 4 au 9 septembre, la Serbie U19 dispute le tournoi \u00ab\u00a0Stevan \u0106ele Viloti\u0107\u00a0\u00bb. C&rsquo;est un rendez-vous traditionnel du football de jeunes en Europe de l\u2019Est. \u00c0 quelques semaines du premier tour qualificatif pour l\u2019Euro 2026 U19, cette comp\u00e9tition sert de r\u00e9p\u00e9tition. Elle est une v\u00e9ritable grandeur nature pour les nations engag\u00e9es.<\/p>\n<p data-start=\"960\" data-end=\"1239\">Gordan Petri, le s\u00e9lectionneur serbe, a convoqu\u00e9 24 joueurs pour cette \u00e9dition, dont Strahinja Stojkovi\u0107. Arriv\u00e9 \u00e0 l\u2019ASSE d\u00e9but ao\u00fbt, le d\u00e9fenseur droit de 18 ans poursuit ainsi son d\u00e9veloppement \u00e0 l\u2019\u00e9chelle internationale, d\u00e9j\u00e0 fort de plusieurs s\u00e9lections dans cette cat\u00e9gorie.<\/p>\n<p>Un deuxi\u00e8me test face \u00e0 la Hongrie pour <strong data-start=\"341\" data-end=\"575\">Stojkovi\u0107<\/strong><\/p>\n<p data-start=\"1286\" data-end=\"1584\">La s\u00e9lection serbe avait lanc\u00e9 son tournoi face au Mont\u00e9n\u00e9gro avec une belle victoire 4-0. Ce vendredi 6 septembre, elle affrontait la Hongrie \u00e0 Subotica (17h00) pour la deuxi\u00e8me journ\u00e9e. L&rsquo;occasion pour le groupe serbe de continuer \u00e0 peaufiner ses automatismes, avec en ligne de mire les \u00e9ch\u00e9ances europ\u00e9ennes.<\/p>\n<p data-start=\"1586\" data-end=\"1836\">Pour Stojkovi\u0107, ce tournoi repr\u00e9sente autant une vitrine qu\u2019un laboratoire. Dans un environnement comp\u00e9titif, chaque minute disput\u00e9e est une opportunit\u00e9 de prouver sa valeur, aussi bien aux yeux de son s\u00e9lectionneur qu\u2019\u00e0 ceux de son staff st\u00e9phanois.<\/p>\n<p>R\u00e9sum\u00e9 de la rencontre<\/p>\n<p>Les serbes se sont impos\u00e9s 3-1 dans cette rencontre et s&rsquo;offre une seconde victoire dans cette comp\u00e9tition. Rempla\u00e7ant au coup d&rsquo;envoi, Stojkovic a jou\u00e9 les 25 derni\u00e8res minutes de la rencontre. Luka Zaric ouvre le score pour la Serbie avant de voir la Hongrie r\u00e9agir avant la mi-temps. 1-1, c&rsquo;est le score \u00e0 la pause. Bogdan Kostic remet l&rsquo;\u00e9quipe de Stojkovic devant, 2-1 juste apr\u00e8s la pause. Finalement, c&rsquo;est Dorde Rankovic qui va clore le suspense de ce match en inscrivant en toute fin de match le but du break. 3-1, c&rsquo;est le score final !<\/p>\n","protected":false},"excerpt":{"rendered":"Strahinja Stojkovi\u0107, jeune lat\u00e9ral de l\u2019AS Saint-\u00c9tienne, a rejoint la s\u00e9lection serbe U19 pour participer au tournoi international&hellip;\n","protected":false},"author":2,"featured_media":372090,"comment_status":"","ping_status":"","sticky":false,"template":"","format":"standard","meta":{"footnotes":""},"categories":[9653],"tags":[1111,11,2430,1777,674,1011,27,12,25,4001],"class_list":{"0":"post-372089","1":"post","2":"type-post","3":"status-publish","4":"format-standard","5":"has-post-thumbnail","7":"category-saint-etienne","8":"tag-actu","9":"tag-actualites","10":"tag-auvergne-rhone-alpes","11":"tag-eu","12":"tag-europe","13":"tag-fr","14":"tag-france","15":"tag-news","16":"tag-republique-francaise","17":"tag-saint-etienne"},"share_on_mastodon":{"url":"https:\/\/pubeurope.com\/@fr\/115160847798731245","error":""},"_links":{"self":[{"href":"https:\/\/www.europesays.com\/fr\/wp-json\/wp\/v2\/posts\/372089","targetHints":{"allow":["GET"]}}],"collection":[{"href":"https:\/\/www.europesays.com\/fr\/wp-json\/wp\/v2\/posts"}],"about":[{"href":"https:\/\/www.europesays.com\/fr\/wp-json\/wp\/v2\/types\/post"}],"author":[{"embeddable":true,"href":"https:\/\/www.europesays.com\/fr\/wp-json\/wp\/v2\/users\/2"}],"replies":[{"embeddable":true,"href":"https:\/\/www.europesays.com\/fr\/wp-json\/wp\/v2\/comments?post=372089"}],"version-history":[{"count":0,"href":"https:\/\/www.europesays.com\/fr\/wp-json\/wp\/v2\/posts\/372089\/revisions"}],"wp:featuredmedia":[{"embeddable":true,"href":"https:\/\/www.europesays.com\/fr\/wp-json\/wp\/v2\/media\/372090"}],"wp:attachment":[{"href":"https:\/\/www.europesays.com\/fr\/wp-json\/wp\/v2\/media?parent=372089"}],"wp:term":[{"taxonomy":"category","embeddable":true,"href":"https:\/\/www.europesays.com\/fr\/wp-json\/wp\/v2\/categories?post=372089"},{"taxonomy":"post_tag","embeddable":true,"href":"https:\/\/www.europesays.com\/fr\/wp-json\/wp\/v2\/tags?post=372089"}],"curies":[{"name":"wp","href":"https:\/\/api.w.org\/{rel}","templated":true}]}}