{"id":372093,"date":"2025-09-07T03:20:29","date_gmt":"2025-09-07T03:20:29","guid":{"rendered":"https:\/\/www.europesays.com\/fr\/372093\/"},"modified":"2025-09-07T03:20:29","modified_gmt":"2025-09-07T03:20:29","slug":"pulnoy-fin-des-travaux-rue-de-la-republique","status":"publish","type":"post","link":"https:\/\/www.europesays.com\/fr\/372093\/","title":{"rendered":"Pulnoy. Fin des travaux rue de la R\u00e9publique"},"content":{"rendered":"<p>Les travaux auront dur\u00e9 quatre semaines, comme annonc\u00e9. Apr\u00e8s sa fermeture \u00e0 la circulation, la rue de la R\u00e9publique toute neuve permettra aux habitants, riverains et aux joueurs de golf de reprendre leurs habitudes d\u00e8s jeudi soir. L\u2019enrob\u00e9 a \u00e9t\u00e9 pos\u00e9 mercredi et le marquage au sol fait dans la foul\u00e9e. L\u2019arr\u00eat de bus Sorbiers est \u00e0 nouveau op\u00e9rationnel et la d\u00e9viation, rue du Practice, lev\u00e9e.<\/p>\n","protected":false},"excerpt":{"rendered":"Les travaux auront dur\u00e9 quatre semaines, comme annonc\u00e9. Apr\u00e8s sa fermeture \u00e0 la circulation, la rue de la&hellip;\n","protected":false},"author":2,"featured_media":372094,"comment_status":"","ping_status":"","sticky":false,"template":"","format":"standard","meta":{"footnotes":""},"categories":[9635],"tags":[1111,11,3542,1704,1777,674,1011,27,775,11362,1702,12,16781,25,2803],"class_list":{"0":"post-372093","1":"post","2":"type-post","3":"status-publish","4":"format-standard","5":"has-post-thumbnail","7":"category-nancy","8":"tag-actu","9":"tag-actualites","10":"tag-circulation","11":"tag-edition-nancy-et-agglomeration","12":"tag-eu","13":"tag-europe","14":"tag-fr","15":"tag-france","16":"tag-grand-est","17":"tag-metropole-du-grand-nancy-54b3","18":"tag-nancy","19":"tag-news","20":"tag-pulnoy","21":"tag-republique-francaise","22":"tag-transport"},"share_on_mastodon":{"url":"https:\/\/pubeurope.com\/@fr\/115160863415738921","error":""},"_links":{"self":[{"href":"https:\/\/www.europesays.com\/fr\/wp-json\/wp\/v2\/posts\/372093","targetHints":{"allow":["GET"]}}],"collection":[{"href":"https:\/\/www.europesays.com\/fr\/wp-json\/wp\/v2\/posts"}],"about":[{"href":"https:\/\/www.europesays.com\/fr\/wp-json\/wp\/v2\/types\/post"}],"author":[{"embeddable":true,"href":"https:\/\/www.europesays.com\/fr\/wp-json\/wp\/v2\/users\/2"}],"replies":[{"embeddable":true,"href":"https:\/\/www.europesays.com\/fr\/wp-json\/wp\/v2\/comments?post=372093"}],"version-history":[{"count":0,"href":"https:\/\/www.europesays.com\/fr\/wp-json\/wp\/v2\/posts\/372093\/revisions"}],"wp:featuredmedia":[{"embeddable":true,"href":"https:\/\/www.europesays.com\/fr\/wp-json\/wp\/v2\/media\/372094"}],"wp:attachment":[{"href":"https:\/\/www.europesays.com\/fr\/wp-json\/wp\/v2\/media?parent=372093"}],"wp:term":[{"taxonomy":"category","embeddable":true,"href":"https:\/\/www.europesays.com\/fr\/wp-json\/wp\/v2\/categories?post=372093"},{"taxonomy":"post_tag","embeddable":true,"href":"https:\/\/www.europesays.com\/fr\/wp-json\/wp\/v2\/tags?post=372093"}],"curies":[{"name":"wp","href":"https:\/\/api.w.org\/{rel}","templated":true}]}}