{"id":372095,"date":"2025-09-07T03:21:11","date_gmt":"2025-09-07T03:21:11","guid":{"rendered":"https:\/\/www.europesays.com\/fr\/372095\/"},"modified":"2025-09-07T03:21:11","modified_gmt":"2025-09-07T03:21:11","slug":"carcassonne-les-associations-font-leur-rentree-au-square-andre-chenier","status":"publish","type":"post","link":"https:\/\/www.europesays.com\/fr\/372095\/","title":{"rendered":"Carcassonne. Les associations font leur rentr\u00e9e au square Andr\u00e9-Ch\u00e9nier"},"content":{"rendered":"<p>\n                                                                    l&rsquo;essentiel<br \/>\n                                                                Pr\u00e8s de 165 associations ont particip\u00e9 au traditionnel rendez-vous qui leur est consacr\u00e9 ce samedi au square Andr\u00e9-Ch\u00e9nier.\n                            <\/p>\n<p>Passage oblig\u00e9 de la rentr\u00e9e, le Rendez-vous des associations a pos\u00e9 ses stands et a pris possession des casitas de la feria, square Andr\u00e9-Ch\u00e9nier, ce samedi 6 septembre. Ambiance studieuse et curieuse au programme, avec de nombreuses animations et d\u00e9monstrations gratuites. Il y en avait pour tous les go\u00fbts et les \u00e2ges. Du sport, de la culture, du cr\u00e9atif, du caritatif, de l\u2019aide \u00e0 la personne, pr\u00e8s de 165 associations ont d\u00e9voil\u00e9 leurs activit\u00e9s aux nombreux visiteurs. Comme l\u2019association A2PS, orient\u00e9e vers l\u2019activit\u00e9 physique pour la sant\u00e9, qui depuis cinq ans propose du Djembel, tous les jeudis de 19 h 30 \u00e0 20 h 30, au foyer de Montlegun. \u00ab\u00a0C\u2019est une danse de remise en forme \u00e0 base de sonorit\u00e9s africaines. C\u2019est pour tout le monde. Cela permet de travailler le cardio, les articulations, la coordination\u00a0\u00bb, explique Modeste Koumouvi, instructeur au sein de l\u2019association mais aussi chef du service rhumatologie au centre hospitalier de Carcassonne et qui s\u2019occupe aussi, au sein de l\u2019\u00e9tablissement, d\u2019un service de m\u00e9decine du sport. \u00ab\u00a0On a un projet d\u2019ouvrir un cours pour les personnes atteintes d\u2019une affection chronique\u00a0\u00bb, poursuit-il. Le Rendez-vous des associations permet ainsi de se faire conna\u00eetre. Comme pour le club du Cathars Baseball qui, depuis qu\u2019il s\u2019est cr\u00e9\u00e9 en avril 2023, a recrut\u00e9 des licenci\u00e9s \u00e0 chaque fois qu\u2019il a particip\u00e9 \u00e0 cette journ\u00e9e. Faut dire que son installation pour s\u2019initier au lancer et \u00e0 la batte a attir\u00e9 du monde.<\/p>\n","protected":false},"excerpt":{"rendered":"l&rsquo;essentiel Pr\u00e8s de 165 associations ont particip\u00e9 au traditionnel rendez-vous qui leur est consacr\u00e9 ce samedi au square&hellip;\n","protected":false},"author":2,"featured_media":372096,"comment_status":"","ping_status":"","sticky":false,"template":"","format":"standard","meta":{"footnotes":""},"categories":[9619],"tags":[1111,11,1777,674,1011,27,12,882,25,2310],"class_list":{"0":"post-372095","1":"post","2":"type-post","3":"status-publish","4":"format-standard","5":"has-post-thumbnail","7":"category-toulon","8":"tag-actu","9":"tag-actualites","10":"tag-eu","11":"tag-europe","12":"tag-fr","13":"tag-france","14":"tag-news","15":"tag-provence-alpes-cote-dazur","16":"tag-republique-francaise","17":"tag-toulon"},"share_on_mastodon":{"url":"https:\/\/pubeurope.com\/@fr\/115160867357508041","error":""},"_links":{"self":[{"href":"https:\/\/www.europesays.com\/fr\/wp-json\/wp\/v2\/posts\/372095","targetHints":{"allow":["GET"]}}],"collection":[{"href":"https:\/\/www.europesays.com\/fr\/wp-json\/wp\/v2\/posts"}],"about":[{"href":"https:\/\/www.europesays.com\/fr\/wp-json\/wp\/v2\/types\/post"}],"author":[{"embeddable":true,"href":"https:\/\/www.europesays.com\/fr\/wp-json\/wp\/v2\/users\/2"}],"replies":[{"embeddable":true,"href":"https:\/\/www.europesays.com\/fr\/wp-json\/wp\/v2\/comments?post=372095"}],"version-history":[{"count":0,"href":"https:\/\/www.europesays.com\/fr\/wp-json\/wp\/v2\/posts\/372095\/revisions"}],"wp:featuredmedia":[{"embeddable":true,"href":"https:\/\/www.europesays.com\/fr\/wp-json\/wp\/v2\/media\/372096"}],"wp:attachment":[{"href":"https:\/\/www.europesays.com\/fr\/wp-json\/wp\/v2\/media?parent=372095"}],"wp:term":[{"taxonomy":"category","embeddable":true,"href":"https:\/\/www.europesays.com\/fr\/wp-json\/wp\/v2\/categories?post=372095"},{"taxonomy":"post_tag","embeddable":true,"href":"https:\/\/www.europesays.com\/fr\/wp-json\/wp\/v2\/tags?post=372095"}],"curies":[{"name":"wp","href":"https:\/\/api.w.org\/{rel}","templated":true}]}}