{"id":372097,"date":"2025-09-07T03:22:13","date_gmt":"2025-09-07T03:22:13","guid":{"rendered":"https:\/\/www.europesays.com\/fr\/372097\/"},"modified":"2025-09-07T03:22:13","modified_gmt":"2025-09-07T03:22:13","slug":"joan-caudullo-a-pousse-deux-grosses-gueulantes-contre-le-rc-toulon-je-leur-ai-dit-que-ce-netaient-pas-des-competiteurs","status":"publish","type":"post","link":"https:\/\/www.europesays.com\/fr\/372097\/","title":{"rendered":"Joan Caudullo a pouss\u00e9 deux grosses gueulantes contre le RC Toulon : \u00ab Je leur ai dit que ce n\u2019\u00e9taient pas des comp\u00e9titeurs ! \u00bb"},"content":{"rendered":"<p>Le MHR a rat\u00e9 son entr\u00e9e en mati\u00e8re. Domin\u00e9s et men\u00e9s 24-3 \u00e0 la pause, les Montpelli\u00e9rains se sont inclin\u00e9s \u00e0 domicile face \u00e0 Toulon (17-27), samedi soir.<\/p>\n<p>De quoi provoquer la col\u00e8re de <strong>Joan Caudullo<\/strong>, qui n\u2019a pas m\u00e2ch\u00e9 ses mots en conf\u00e9rence de presse.<\/p>\n<p><strong>\u00ab Tr\u00e8s dur \u00e0 encaisser \u00bb<\/strong><\/p>\n<p>Le manager montpelli\u00e9rain n\u2019a pas cherch\u00e9 d\u2019excuses. Il s\u2019est confi\u00e9 via <a href=\"https:\/\/rmcsport.bfmtv.com\/rugby\/top-14\/repartir-de-l-avant-et-laver-cet-affront-le-message-de-joan-caudullo-apres-la-defaite-de-montpellier-contre-toulon-en-top-14_AV-202509060360.html\" rel=\"nofollow noopener\" target=\"_blank\">RMC<\/a>.<\/p>\n<p>\u00ab C\u2019est dur \u00e0 encaisser, tr\u00e8s dur \u00e0 encaisser au vu de notre premi\u00e8re mi-temps. Avec une premi\u00e8re mi-temps comme \u00e7a, on ne peut pas gagner un match. \u00c7a fait chier parce que c\u2019est la premi\u00e8re journ\u00e9e. Je pensais qu\u2019on \u00e9tait pr\u00eats. Malheureusement, non. \u00bb<\/p>\n<p><strong>Il assume une part de responsabilit\u00e9 :<\/strong><\/p>\n<p>\u00ab Je la prends pour moi, celle-l\u00e0. Il faut qu\u2019on r\u00e9agisse tr\u00e8s rapidement la semaine prochaine \u00e0 Bayonne pour r\u00e9aliser une bonne saison. Je ne veux pas revivre les deux derni\u00e8res saisons. \u00bb<\/p>\n<p><strong>\u00ab On ne peut pas exister \u00bb<\/strong><\/p>\n<p><strong>\u00c0 la pause, Caudullo a secou\u00e9 son vestiaire :<\/strong><\/p>\n<p>\u00ab Avant le match, je leur ai dit que les matchs amicaux ne servaient \u00e0 rien. Et \u00e0 la mi-temps, je leur ai dit que ce n\u2019\u00e9taient pas des comp\u00e9titeurs et que je trouvais qu\u2019on jouait un petit peu les mains en haut du guidon. Face \u00e0 une \u00e9quipe de ce calibre, de cette qualit\u00e9, on ne peut pas exister. Tout simplement, on ne peut pas exister. \u00bb<\/p>\n<p><strong>Des doutes persistants<\/strong><\/p>\n<p><strong>La fragilit\u00e9 du groupe inqui\u00e8te le technicien :<\/strong><\/p>\n<p>\u00ab C\u2019est une mi-temps o\u00f9 on est oblig\u00e9 de dire aux joueurs qu\u2019on ne comprend pas leur comportement. Le Top 14 est difficile, c\u2019est compliqu\u00e9 d\u2019amener \u00e9norm\u00e9ment de constance. [\u2026] Mais nous, aujourd\u2019hui, le probl\u00e8me, c\u2019est que c\u2019est la premi\u00e8re journ\u00e9e. C\u2019est \u00e7a qui est malheureux. \u00bb<\/p>\n<p><strong>Il assure toutefois ne pas baisser les bras :<\/strong><\/p>\n<p>\u00ab Lundi, on va repartir de l\u2019avant pour faire en sorte de laver cet affront-l\u00e0. Je ne vais pas l\u00e2cher et continuer d\u2019avancer parce qu\u2019on a toujours le m\u00eame objectif. \u00bb<\/p>\n<p><strong>La peur de revivre le pass\u00e9<\/strong><\/p>\n<p><strong>Montpellier avait d\u00e9j\u00e0 d\u00e9but\u00e9 par une d\u00e9faite \u00e0 domicile l\u2019an pass\u00e9, face \u00e0 Lyon, et Caudullo redoute un sc\u00e9nario identique :<\/strong><\/p>\n<p>\u00ab On a bien \u00e9videmment peur de \u00e7a. On a peur de retomber dans nos travers et de ne pas se dire les choses. Ce que je leur ai dit dans le rond \u00e0 la fin du match, c\u2019est qu\u2019il ne faut pas qu\u2019on se l\u00e2che. Il faut qu\u2019on se resserre pour faire un match de qualit\u00e9 \u00e0 Bayonne. Parce que je reste persuad\u00e9 qu\u2019on a de la qualit\u00e9 et on a les moyens de remplir les objectifs qui \u00e9taient fix\u00e9s en d\u00e9but de saison. \u00bb<\/p>\n","protected":false},"excerpt":{"rendered":"Le MHR a rat\u00e9 son entr\u00e9e en mati\u00e8re. Domin\u00e9s et men\u00e9s 24-3 \u00e0 la pause, les Montpelli\u00e9rains se&hellip;\n","protected":false},"author":2,"featured_media":361690,"comment_status":"","ping_status":"","sticky":false,"template":"","format":"standard","meta":{"footnotes":""},"categories":[9619],"tags":[1111,11,1777,674,1011,27,12,882,25,2310],"class_list":{"0":"post-372097","1":"post","2":"type-post","3":"status-publish","4":"format-standard","5":"has-post-thumbnail","7":"category-toulon","8":"tag-actu","9":"tag-actualites","10":"tag-eu","11":"tag-europe","12":"tag-fr","13":"tag-france","14":"tag-news","15":"tag-provence-alpes-cote-dazur","16":"tag-republique-francaise","17":"tag-toulon"},"share_on_mastodon":{"url":"https:\/\/pubeurope.com\/@fr\/115160871280737915","error":""},"_links":{"self":[{"href":"https:\/\/www.europesays.com\/fr\/wp-json\/wp\/v2\/posts\/372097","targetHints":{"allow":["GET"]}}],"collection":[{"href":"https:\/\/www.europesays.com\/fr\/wp-json\/wp\/v2\/posts"}],"about":[{"href":"https:\/\/www.europesays.com\/fr\/wp-json\/wp\/v2\/types\/post"}],"author":[{"embeddable":true,"href":"https:\/\/www.europesays.com\/fr\/wp-json\/wp\/v2\/users\/2"}],"replies":[{"embeddable":true,"href":"https:\/\/www.europesays.com\/fr\/wp-json\/wp\/v2\/comments?post=372097"}],"version-history":[{"count":0,"href":"https:\/\/www.europesays.com\/fr\/wp-json\/wp\/v2\/posts\/372097\/revisions"}],"wp:featuredmedia":[{"embeddable":true,"href":"https:\/\/www.europesays.com\/fr\/wp-json\/wp\/v2\/media\/361690"}],"wp:attachment":[{"href":"https:\/\/www.europesays.com\/fr\/wp-json\/wp\/v2\/media?parent=372097"}],"wp:term":[{"taxonomy":"category","embeddable":true,"href":"https:\/\/www.europesays.com\/fr\/wp-json\/wp\/v2\/categories?post=372097"},{"taxonomy":"post_tag","embeddable":true,"href":"https:\/\/www.europesays.com\/fr\/wp-json\/wp\/v2\/tags?post=372097"}],"curies":[{"name":"wp","href":"https:\/\/api.w.org\/{rel}","templated":true}]}}