{"id":372098,"date":"2025-09-07T03:23:33","date_gmt":"2025-09-07T03:23:33","guid":{"rendered":"https:\/\/www.europesays.com\/fr\/372098\/"},"modified":"2025-09-07T03:23:33","modified_gmt":"2025-09-07T03:23:33","slug":"la-lutte-victorieuse-contre-un-projet-de-decathlon-a-saint-clement-de-riviere-racontee-en-bd","status":"publish","type":"post","link":"https:\/\/www.europesays.com\/fr\/372098\/","title":{"rendered":"La lutte victorieuse contre un projet de Decathlon \u00e0 Saint-Cl\u00e9ment-de-Rivi\u00e8re racont\u00e9e en BD"},"content":{"rendered":"<p>\t\t\t\t<a href=\"https:\/\/www.europesays.com\/fr\/wp-content\/uploads\/2025\/09\/une-victoire-sur-le-beton.jpg\" data-lightbox=\"lb\" data-title=\"Laure LLe Poing :avigne Delville et Aur\u00e9lien Pascal Commeiras signent une BD qui retrace la lutte contre un projet de centre commercial au nord de Montpellier. (\" le=\"\" poing=\"\"><br \/>\n\t\t\t\t\t<img decoding=\"async\" class=\"wp-image-7214 size-full\" src=\"https:\/\/www.europesays.com\/fr\/wp-content\/uploads\/2025\/09\/une-victoire-sur-le-beton.jpg\"\/><br \/>\n\t\t\t\t<\/a><\/p>\n<p>Laure LLe Poing :avigne Delville et Aur\u00e9lien Pascal Commeiras signent une BD qui retrace la lutte contre un projet de centre commercial au nord de Montpellier. (\u00ab\u00a0Le Poing\u00a0\u00bb) <\/p>\n<p><strong>Dans \u201cUne victoire sur le b\u00e9ton\u201d, Laure Lavigne-Delville et Aur\u00e9lien Pascal Commeiras reviennent sur la lutte victorieuse d\u2019un collectif de riverains contre un projet de centre commercial \u201cOxylane\u201d port\u00e9 par Decathlon, au nord de Montpellier. Une BD joyeuse qui donne des cl\u00e9s pour d\u2019autres luttes locales sur l\u2019environnement<\/strong><\/p>\n<p>En 2014, une enqu\u00eate publique pr\u00e9voyant la b\u00e9tonisation de 24 hectares de terres agricoles est ouverte dans la commune de Saint-Cl\u00e9ment-de-Rivi\u00e8re, au nord de Montpellier. Un groupe de riverains se monte alors en collectif pour s\u2019opposer \u00e0 ce projet de centre ludique et commercial port\u00e9 par Decathlon et la famille Mulliez, connue entre autres pour son exil fiscal en Belgique. Apr\u00e8s sept ans de mobilisation, le collectif \u201cOxyg\u00e8ne\u201d a obtenu l\u2019abandon du projet. <\/p>\n<p>C\u2019est ce combat que retracent Laure Lavigne-Delville (sc\u00e9nariste) et Aur\u00e9lien Pascal Commeiras (dessinateur) dans leur bande dessin\u00e9e \u201cUne victoire sur le b\u00e9ton\u201d, \u00e0 para\u00eetre le 12 septembre. Ils la pr\u00e9senteront le 18 septembre \u00e0 la librairie La Cavale (Rue de la Cavalerie) et le 2 octobre \u00e0 la Carmagnole (Rue Lapalissade), en pr\u00e9sence du collectif Oxyg\u00e8ne. Le Poing les a rencontr\u00e9 pour \u00e9voquer l\u2019histoire de cette lutte m\u00e9connue.<\/p>\n<p><strong>Le Poing : Comment vous est venu l\u2019id\u00e9e de cette BD ? <\/strong><\/p>\n<p><strong>Laure Lavigne-Delville : <\/strong>J\u2019ai grandi \u00e0 Montferrier sur Lez, juste \u00e0 c\u00f4t\u00e9 de Saint-Cl\u00e9ment-de-Rivi\u00e8re, o\u00f9 j\u2019ai fait mon lyc\u00e9e avec Aur\u00e9lien, qui dessinait d\u00e9j\u00e0 des BD \u00e0 l\u2019\u00e9poque. J\u2019ai ensuite fait des \u00e9tudes en g\u00e9ographie et am\u00e9nagement du territoire, pendant que mes parents se mobilisaient au sein du collectif. Mon id\u00e9e \u00e9tait de mettre en lumi\u00e8re cette lutte qui n\u2019a pas fait la une des m\u00e9dias, car c\u2019est un projet finalement \u201cordinaire\u201d, dans le sens o\u00f9 des projets Oxylane port\u00e9s par Decathlon, qui m\u00e9langent centre commercial et activit\u00e9s ludiques, il y en a eu dans toute la France, dont certains qui ont \u00e9chou\u00e9.<br \/><strong><br \/>Aur\u00e9lien Pascal Commeiras : <\/strong>A la base, on pensait \u00e0 un format beaucoup plus court, sur 20 pages. C\u2019est la rencontre avec notre \u00e9diteur, Le Passager Clandestin, qui nous a fait aboutir \u00e0 ce format de 128 pages.  On a ensuite fait une campagne de financement participatif pour sortir la BD, l\u2019association qui a port\u00e9 les recours nous a beaucoup aid\u00e9. <\/p>\n<p><strong>Le Poing : Votre BD est construite comme une enqu\u00eate journalistique r\u00e9alis\u00e9e apr\u00e8s la victoire du collectif. Pourquoi ce choix ? Avez-vous eu des difficult\u00e9s \u00e0 acc\u00e9der \u00e0 certaines personnes ou sources ?  <\/strong><\/p>\n<p><strong>L. L.-D. :<\/strong> Je fais de la recherche, donc j\u2019ai l\u2019habitude de travailler sur la base d\u2019entretiens et de lecture documentaire via des \u00e9tudes ou des rapports. Notre enjeu, c\u2019\u00e9tait de d\u00e9cortiquer les \u00e9tapes de la lutte, et de vulgariser le c\u00f4t\u00e9 juridico-administratif en pr\u00e9sentant clairement ce qu\u2019est une enqu\u00eate publique, une \u00e9tude d\u2019impact, pour donner des outils qui peuvent servir \u00e0 d\u2019autres luttes locales. Il y a des enseignements \u00e0 tirer de ce combat : comment on d\u00e9cortique les dossiers, quels sont les d\u00e9lais de recours et comment on se r\u00e9partit le travail\u2026 On a pu rencontrer des commissaires enqu\u00eateurs qui nous ont beaucoup nourri pour l\u2019\u00e9criture, notamment le dernier, qui a fait passer les terres en terres agricole, ce qui a contribu\u00e9 \u00e0 la victoire du collectif. Par contre, le bureau d\u2019\u00e9tude que Decathlon avait embauch\u00e9 pour l\u2019\u00e9tude hydraulique n\u2019a pas pu nous parler\u2026<\/p>\n<p><strong>A. P. C. :<\/strong> Le choix de la narration par l\u2019enqu\u00eate permet de mettre \u00e0 distance les r\u00e9cits des gens du collectif avec qui on s\u2019est entretenu, on \u00e9tait pas l\u00e0 pour raconter leur intimit\u00e9\u2026 On a aussi choisi de s\u2019int\u00e8gre nous-m\u00eames dans le r\u00e9cit, on nous voit en train d\u2019enqu\u00eater, pour rendre la narration plus fluide et ajouter des passages plus dr\u00f4les, plus l\u00e9gers. On veut toucher un public large, il fallait pas que \u00e7a soit trop dense. <\/p>\n<p><strong>Le Poing : selon vous, qu\u2019est-ce qui a permis au collectif de gagner son combat ? En d\u2019autres termes, quelles sont les cl\u00e9s pour qu\u2019une lutte locale sur l\u2019environnement soit victorieuse ? <\/strong><\/p>\n<p><strong>A. P. C. : <\/strong>Ils n\u2019ont jamais baiss\u00e9 les bras, ils se remobilisaient en permanence !<\/p>\n<p><strong>L. L. \u2013 D. : <\/strong>Les recours juridiques font gagner du temps, notamment dans l\u2019obtention du permis d\u2019am\u00e9nager. Decathlon avait d\u00fb red\u00e9poser un projet, c\u2019est couteux pour eux. Ce temps gagn\u00e9 permet de m\u00e9diatiser le combat, de faire grossir la mobilisation en parlant aux gens\u2026 Le volet juridique seul n\u2019est pas suffisant, il faut une pluralit\u00e9 de modes d\u2019actions et une synchronicit\u00e9 de celles-ci pour gagner. La lutte est rest\u00e9e tr\u00e8s l\u00e9galiste, il n\u2019a pas \u00e9t\u00e9 question de faire une ZAD, car le chantier n\u2019a jamais d\u00e9marr\u00e9 et le combat sur le terrain juridico-administratif n\u2019a pas \u00e9t\u00e9 \u00e9puis\u00e9. Mais une dame de 94 ans de Saint-Cl\u00e9ment nous avait dit que s\u2019il y avait une occupation des terres, elle viendrait tous les jours pour apporter des croissants aux zadistes ! Ce n\u2019\u00e9tait pas tant une question de radicalit\u00e9 que de proportionnalit\u00e9 des moyens et de strat\u00e9gie. <br \/>Ce qui a march\u00e9 aussi, c\u2019est que le collectif a su s\u2019entourer d\u2019autres associations qui avaient des expertises sur des domaines particuliers, comme des naturalistes qui ont pu tr\u00e8s vite inventorier les diff\u00e9rentes esp\u00e8ces pr\u00e9sentes sur le site\u2026<\/p>\n<p><strong>Le Poing : depuis la victoire du collectif en 2021, qu\u2019advient-il de ces terres agricoles ? <\/strong><\/p>\n<p><strong>L.L.-C. : <\/strong>Le collectif a tout de suite mis en avant un contre-projet d\u2019agriculture locale, en soulignant le fait que \u00e7a cr\u00e9erait des emplois. Mais faute d\u2019engagement des propri\u00e9taires fonciers, il ne s\u2019y passe rien pour le moment. <\/p>\n<p class=\"has-text-align-right\">\u201cUne victoire sur le b\u00e9ton, r\u00e9cit d\u2019une lutte contre un g\u00e9ant commercial\u201d, Laure Lavigne-Delville et Aur\u00e9lien Pascal, aux \u00e9dition Le Passager Clandestin, 22 euros, sortie le 12 septembre. <\/p>\n<p>Nos articles sont gratuits car nous pensons que la presse ind\u00e9pendante doit \u00eatre accessible \u00e0 toutes et tous. Pourtant, produire une information engag\u00e9e et de qualit\u00e9 n\u00e9cessite du temps et de l\u2019argent, surtout quand on refuse d\u2019\u00eatre aux ordres de Bollor\u00e9 et de ses amis\u2026 Pourvu que \u00e7a dure\u00a0! \u00c7a tombe bien, \u00e7a ne tient qu\u2019\u00e0 vous :<\/p>\n","protected":false},"excerpt":{"rendered":"Laure LLe Poing :avigne Delville et Aur\u00e9lien Pascal Commeiras signent une BD qui retrace la lutte contre un&hellip;\n","protected":false},"author":2,"featured_media":372099,"comment_status":"","ping_status":"","sticky":false,"template":"","format":"standard","meta":{"footnotes":""},"categories":[9599],"tags":[1111,11,1777,674,1011,27,2208,12,2680,25],"class_list":{"0":"post-372098","1":"post","2":"type-post","3":"status-publish","4":"format-standard","5":"has-post-thumbnail","7":"category-montpellier","8":"tag-actu","9":"tag-actualites","10":"tag-eu","11":"tag-europe","12":"tag-fr","13":"tag-france","14":"tag-montpellier","15":"tag-news","16":"tag-occitanie","17":"tag-republique-francaise"},"share_on_mastodon":{"url":"https:\/\/pubeurope.com\/@fr\/115160875683359512","error":""},"_links":{"self":[{"href":"https:\/\/www.europesays.com\/fr\/wp-json\/wp\/v2\/posts\/372098","targetHints":{"allow":["GET"]}}],"collection":[{"href":"https:\/\/www.europesays.com\/fr\/wp-json\/wp\/v2\/posts"}],"about":[{"href":"https:\/\/www.europesays.com\/fr\/wp-json\/wp\/v2\/types\/post"}],"author":[{"embeddable":true,"href":"https:\/\/www.europesays.com\/fr\/wp-json\/wp\/v2\/users\/2"}],"replies":[{"embeddable":true,"href":"https:\/\/www.europesays.com\/fr\/wp-json\/wp\/v2\/comments?post=372098"}],"version-history":[{"count":0,"href":"https:\/\/www.europesays.com\/fr\/wp-json\/wp\/v2\/posts\/372098\/revisions"}],"wp:featuredmedia":[{"embeddable":true,"href":"https:\/\/www.europesays.com\/fr\/wp-json\/wp\/v2\/media\/372099"}],"wp:attachment":[{"href":"https:\/\/www.europesays.com\/fr\/wp-json\/wp\/v2\/media?parent=372098"}],"wp:term":[{"taxonomy":"category","embeddable":true,"href":"https:\/\/www.europesays.com\/fr\/wp-json\/wp\/v2\/categories?post=372098"},{"taxonomy":"post_tag","embeddable":true,"href":"https:\/\/www.europesays.com\/fr\/wp-json\/wp\/v2\/tags?post=372098"}],"curies":[{"name":"wp","href":"https:\/\/api.w.org\/{rel}","templated":true}]}}