{"id":372104,"date":"2025-09-07T03:28:33","date_gmt":"2025-09-07T03:28:33","guid":{"rendered":"https:\/\/www.europesays.com\/fr\/372104\/"},"modified":"2025-09-07T03:28:33","modified_gmt":"2025-09-07T03:28:33","slug":"grenoble-enchaine-brive-et-vannes-simposent-agen-et-beziers-ouvrent-leurs-compteurs-les-resultats-de-la-j2","status":"publish","type":"post","link":"https:\/\/www.europesays.com\/fr\/372104\/","title":{"rendered":"Grenoble encha\u00eene, Brive et Vannes s&rsquo;imposent, Agen et B\u00e9ziers ouvrent leurs compteurs&#8230;les r\u00e9sultats de la J2"},"content":{"rendered":"<p>Au stade des Alpes, Grenoble a su inverser une entame compliqu\u00e9e pour dominer Aurillac (38-16) et signer un deuxi\u00e8me succ\u00e8s cons\u00e9cutif. Les Is\u00e9rois reviennent \u00e0 hauteur de Colomiers, seul en t\u00eate du classement. Ils ont \u00e9t\u00e9 port\u00e9s par une ma\u00eetrise progressive et une profondeur physique sup\u00e9rieure. Aurillac, valeureux mais \u00e9mouss\u00e9, n\u2019a pas tenu la distance face \u00e0 l\u2019intensit\u00e9 grenobloise.<\/p>\n<p>B\u00e9ziers corrige Nevers et lance sa saison<\/p>\n<p>L\u2019ASBH a balay\u00e9 Nevers (49-12) sur la pelouse du stade Raoul-Barri\u00e8re. Il d\u00e9croche par cette occasion son premier succ\u00e8s avec le bonus offensif. Apr\u00e8s une ouverture rat\u00e9e \u00e0 Biarritz, les H\u00e9raultais ont r\u00e9agi avec autorit\u00e9. Nevers, incapable de reproduire sa performance contre Agen (54-17), a subi une soir\u00e9e sans relief, domin\u00e9 dans tous les secteurs.<\/p>\n<p>Agen se rebiffe avec fracas<\/p>\n<blockquote class=\"twitter-tweet\">\n<p dir=\"ltr\" lang=\"fr\">Retour \u00e0 la maison r\u00e9ussi \ud83d\udc99<\/p>\n<p>Victoire s\u00e9rieuse de nos Agenais ce soir \u00e0 Armandie avec 7 essais au compteur \ud83e\udd29 <a href=\"https:\/\/t.co\/wBKpjsUphs\" rel=\"nofollow\">pic.twitter.com\/wBKpjsUphs<\/a><\/p>\n<p>\u2014 Agen Rugby &#8211; SUA LG (@agen_rugby) <a href=\"https:\/\/twitter.com\/agen_rugby\/status\/1964044846735520152?ref_src=twsrc%5Etfw\" rel=\"nofollow noopener\" target=\"_blank\">September 5, 2025<\/a><\/p>\n<\/blockquote>\n<p>Une semaine apr\u00e8s avoir sombr\u00e9 \u00e0 Nevers (54-17), Agen a pulv\u00e9ris\u00e9 Mont-de-Marsan \u00e0 Armandie (53-7). Sept essais, une domination totale et un bonus offensif \u00e0 la cl\u00e9 pour le SUA. Ce dernier semble avoir retrouv\u00e9 son mordant. Emmen\u00e9s par un pack destructeur, les hommes de Reggiardo ont offert une d\u00e9monstration \u00e0 leur public, relan\u00e7ant leur saison avec panache.<\/p>\n<p>Brive s\u2019impose \u00e0 Dax, une premi\u00e8re depuis 2009<\/p>\n<p>\u00c0 Maurice Boyau, Brive a renvers\u00e9 Dax (8-23) pour signer une victoire historique. C&rsquo;est son premier succ\u00e8s sur ce terrain depuis 16 ans. Men\u00e9s \u00e0 la pause, les Corr\u00e9ziens ont capitalis\u00e9 sur l\u2019indiscipline de l&rsquo;adversaire et sans doute aussi leur propre rigueur pour rester invaincus. Dax, toujours plomb\u00e9 par la sanction du CNOSF, peine \u00e0 d\u00e9coller avec un compteur toujours n\u00e9gatif.<\/p>\n<p>Pour r\u00e9sumer<\/p>\n<p>Grenoble, B\u00e9ziers, Agen et Brive s\u2019imposent lors de la J2 de Pro D2. Les Is\u00e9rois encha\u00eenent, l\u2019ASBH et le SUA r\u00e9agissent avec autorit\u00e9, et Brive signe une victoire historique \u00e0 Dax. Nevers, Mont-de-Marsan et Aurillac subissent des revers marquants.<\/p>\n<p> <img decoding=\"async\" width=\"76\" height=\"76\" loading=\"lazy\" src=\"https:\/\/www.europesays.com\/fr\/wp-content\/uploads\/2025\/04\/avatar-quinze.png\" alt=\"Voldi Fr\u00e9jus\u00a0Hounvio\"\/><script async src=\"https:\/\/platform.twitter.com\/widgets.js\" charset=\"utf-8\"><\/script><\/p>\n","protected":false},"excerpt":{"rendered":"Au stade des Alpes, Grenoble a su inverser une entame compliqu\u00e9e pour dominer Aurillac (38-16) et signer un&hellip;\n","protected":false},"author":2,"featured_media":372105,"comment_status":"","ping_status":"","sticky":false,"template":"","format":"standard","meta":{"footnotes":""},"categories":[9566],"tags":[1111,11,2430,1777,674,1011,27,2731,12,25],"class_list":{"0":"post-372104","1":"post","2":"type-post","3":"status-publish","4":"format-standard","5":"has-post-thumbnail","7":"category-grenoble","8":"tag-actu","9":"tag-actualites","10":"tag-auvergne-rhone-alpes","11":"tag-eu","12":"tag-europe","13":"tag-fr","14":"tag-france","15":"tag-grenoble","16":"tag-news","17":"tag-republique-francaise"},"share_on_mastodon":{"url":"https:\/\/pubeurope.com\/@fr\/115160895251746492","error":""},"_links":{"self":[{"href":"https:\/\/www.europesays.com\/fr\/wp-json\/wp\/v2\/posts\/372104","targetHints":{"allow":["GET"]}}],"collection":[{"href":"https:\/\/www.europesays.com\/fr\/wp-json\/wp\/v2\/posts"}],"about":[{"href":"https:\/\/www.europesays.com\/fr\/wp-json\/wp\/v2\/types\/post"}],"author":[{"embeddable":true,"href":"https:\/\/www.europesays.com\/fr\/wp-json\/wp\/v2\/users\/2"}],"replies":[{"embeddable":true,"href":"https:\/\/www.europesays.com\/fr\/wp-json\/wp\/v2\/comments?post=372104"}],"version-history":[{"count":0,"href":"https:\/\/www.europesays.com\/fr\/wp-json\/wp\/v2\/posts\/372104\/revisions"}],"wp:featuredmedia":[{"embeddable":true,"href":"https:\/\/www.europesays.com\/fr\/wp-json\/wp\/v2\/media\/372105"}],"wp:attachment":[{"href":"https:\/\/www.europesays.com\/fr\/wp-json\/wp\/v2\/media?parent=372104"}],"wp:term":[{"taxonomy":"category","embeddable":true,"href":"https:\/\/www.europesays.com\/fr\/wp-json\/wp\/v2\/categories?post=372104"},{"taxonomy":"post_tag","embeddable":true,"href":"https:\/\/www.europesays.com\/fr\/wp-json\/wp\/v2\/tags?post=372104"}],"curies":[{"name":"wp","href":"https:\/\/api.w.org\/{rel}","templated":true}]}}