{"id":372108,"date":"2025-09-07T03:32:44","date_gmt":"2025-09-07T03:32:44","guid":{"rendered":"https:\/\/www.europesays.com\/fr\/372108\/"},"modified":"2025-09-07T03:32:44","modified_gmt":"2025-09-07T03:32:44","slug":"strasbourg-clara-doina-schmelck-journaliste-et-philosophe-est-decedee-a-40-ans","status":"publish","type":"post","link":"https:\/\/www.europesays.com\/fr\/372108\/","title":{"rendered":"Strasbourg. Clara-Do\u00efna Schmelck, journaliste et philosophe, est d\u00e9c\u00e9d\u00e9e \u00e0 40 ans"},"content":{"rendered":"<p>Ceux qui l\u2019ont connue admiraient sa vivacit\u00e9 intellectuelle, sa chaleur humaine, sa pertinence\u2026 Au coll\u00e8ge Leclerc de Schiltigheim, Clara-Do\u00efna Schmelck impressionnait d\u00e9j\u00e0 ses camarades.<\/p>\n<p>N\u00e9e en 1985, la jeune fille encha\u00eene les \u00e9tudes\u00a0: lyc\u00e9e des Pontonniers \u00e0 Strasbourg, classe pr\u00e9paratoire aux grandes \u00e9coles \u00e0 Saint-Germain-en-Laye, au lyc\u00e9e Jeanne-d\u2019Albret\u2026 Normalienne, elle se sp\u00e9cialise en philosophie, en histoire, en g\u00e9ographie, puis elle choisit la voie du journalisme, en entrant au CFPJ \u00e0 Paris.<\/p>\n<p>  Une \u00ab\u00a0fine observatrice\u00a0\u00bb<\/p>\n<p>Philosophe des m\u00e9dias, sp\u00e9cialiste des r\u00e9seaux sociaux, elle distille son savoir et son intelligence. Elle est charg\u00e9e de cours \u00e0 Sciences Po Strasbourg et \u00e0 l\u2019\u00e9cole de journalisme EFJ. <a href=\"https:\/\/www.dna.fr\/science-et-technologie\/2024\/02\/12\/les-algorithmes-formatent-le-monde\" target=\"_blank\" rel=\"noopener\">Elle intervient en 2024 au forum de bio\u00e9thique strasbourgeois<\/a> , au sujet de l\u2019intelligence artificielle et des relations humaines. Elle est invit\u00e9e sur France Culture, pour d\u00e9battre des r\u00e9seaux sociaux.<\/p>\n<p>En 2019, elle publie, avec Isabelle Rouhan, le livre Les m\u00e9tiers du futur , paru chez First.<\/p>\n<p>Brillante, sympathique et pleine d\u2019humour, Clara-Do\u00efna Schmelck \u00e9tait une \u00ab\u00a0fine observatrice\u00a0\u00bb des nouveaux m\u00e9dias. Elle s\u2019\u00e9tait distingu\u00e9e, rapporte l\u2019Association des journalistes m\u00e9dia (AJM), par \u00ab\u00a0une r\u00e9flexion philosophique et sociologique sur le monde des m\u00e9dias, en particulier face aux enjeux soulev\u00e9s par les r\u00e9seaux sociaux\u00a0\u00bb.<\/p>\n<p>Clara-Do\u00efna Schmelck est d\u00e9c\u00e9d\u00e9e \u00e0 Strasbourg, en cette fin ao\u00fbt\u00a02025, \u00e0 l\u2019\u00e2ge de 40 ans, des suites d\u2019un cancer de l\u2019estomac. Elle a \u00e9t\u00e9 inhum\u00e9e ce mercredi 3\u00a0septembre.<\/p>\n","protected":false},"excerpt":{"rendered":"Ceux qui l\u2019ont connue admiraient sa vivacit\u00e9 intellectuelle, sa chaleur humaine, sa pertinence\u2026 Au coll\u00e8ge Leclerc de Schiltigheim,&hellip;\n","protected":false},"author":2,"featured_media":372109,"comment_status":"","ping_status":"","sticky":false,"template":"","format":"standard","meta":{"footnotes":""},"categories":[2820],"tags":[1111,11,2389,2649,9223,2880,1057,4854,1777,674,107,1011,27,775,1391,12,25,104,640,2879,2205],"class_list":{"0":"post-372108","1":"post","2":"type-post","3":"status-publish","4":"format-standard","5":"has-post-thumbnail","7":"category-strasbourg","8":"tag-actu","9":"tag-actualites","10":"tag-alsace","11":"tag-bas-rhin","12":"tag-carnet-du-jour","13":"tag-edition-strasbourg","14":"tag-education","15":"tag-enseignement-superieur","16":"tag-eu","17":"tag-europe","18":"tag-fil-info","19":"tag-fr","20":"tag-france","21":"tag-grand-est","22":"tag-necrologie","23":"tag-news","24":"tag-republique-francaise","25":"tag-societe","26":"tag-strasbourg","27":"tag-strasbourg-ville","28":"tag-television-medias"},"share_on_mastodon":{"url":"https:\/\/pubeurope.com\/@fr\/115160910621934447","error":""},"_links":{"self":[{"href":"https:\/\/www.europesays.com\/fr\/wp-json\/wp\/v2\/posts\/372108","targetHints":{"allow":["GET"]}}],"collection":[{"href":"https:\/\/www.europesays.com\/fr\/wp-json\/wp\/v2\/posts"}],"about":[{"href":"https:\/\/www.europesays.com\/fr\/wp-json\/wp\/v2\/types\/post"}],"author":[{"embeddable":true,"href":"https:\/\/www.europesays.com\/fr\/wp-json\/wp\/v2\/users\/2"}],"replies":[{"embeddable":true,"href":"https:\/\/www.europesays.com\/fr\/wp-json\/wp\/v2\/comments?post=372108"}],"version-history":[{"count":0,"href":"https:\/\/www.europesays.com\/fr\/wp-json\/wp\/v2\/posts\/372108\/revisions"}],"wp:featuredmedia":[{"embeddable":true,"href":"https:\/\/www.europesays.com\/fr\/wp-json\/wp\/v2\/media\/372109"}],"wp:attachment":[{"href":"https:\/\/www.europesays.com\/fr\/wp-json\/wp\/v2\/media?parent=372108"}],"wp:term":[{"taxonomy":"category","embeddable":true,"href":"https:\/\/www.europesays.com\/fr\/wp-json\/wp\/v2\/categories?post=372108"},{"taxonomy":"post_tag","embeddable":true,"href":"https:\/\/www.europesays.com\/fr\/wp-json\/wp\/v2\/tags?post=372108"}],"curies":[{"name":"wp","href":"https:\/\/api.w.org\/{rel}","templated":true}]}}