{"id":372110,"date":"2025-09-07T03:33:27","date_gmt":"2025-09-07T03:33:27","guid":{"rendered":"https:\/\/www.europesays.com\/fr\/372110\/"},"modified":"2025-09-07T03:33:27","modified_gmt":"2025-09-07T03:33:27","slug":"epinal-golbey-et-strasbourg-se-quittent-bons-amis-2-2","status":"publish","type":"post","link":"https:\/\/www.europesays.com\/fr\/372110\/","title":{"rendered":"Epinal\/Golbey et Strasbourg se quittent bons amis (2-2)"},"content":{"rendered":"<p>Il ne fallait attendre d&rsquo;envol\u00e9e lyrique d&rsquo;un premier match de pr\u00e9paration entre deux formations qui sont en plein travaux en vue de leur future saison de Nationale 2. De fait, l&rsquo;opposition entre Epinal\/Golbey et Strasbourg UC a connu quelques fulgurances et encha\u00eenements aboutis, mais aussi pas mal de d\u00e9chet. Le public a toutefois pu d\u00e9couvrir les nouveaux visages golb\u00e9o-spinaliens, dont celui du passeur, Andr\u00e9 Mata, arriv\u00e9 en d\u00e9but de semaine. Les deux formations ont quitt\u00e9 le gymnase Viviani dos \u00e0 dos (2-2). Revivez cette rencontre en image.<\/p>\n","protected":false},"excerpt":{"rendered":"Il ne fallait attendre d&rsquo;envol\u00e9e lyrique d&rsquo;un premier match de pr\u00e9paration entre deux formations qui sont en plein&hellip;\n","protected":false},"author":2,"featured_media":372111,"comment_status":"","ping_status":"","sticky":false,"template":"","format":"standard","meta":{"footnotes":""},"categories":[2820],"tags":[1111,47,11,778,50613,1777,674,107,1701,1795,1011,27,5325,2798,9540,775,12,25,1700,640,1632,774],"class_list":{"0":"post-372110","1":"post","2":"type-post","3":"status-publish","4":"format-standard","5":"has-post-thumbnail","7":"category-strasbourg","8":"tag-actu","9":"tag-actualite","10":"tag-actualites","11":"tag-epinal","12":"tag-epinal-golbey-volley-ball-egvb","13":"tag-eu","14":"tag-europe","15":"tag-fil-info","16":"tag-fil-info-sport","17":"tag-fil-web","18":"tag-fr","19":"tag-france","20":"tag-galerie-media","21":"tag-galerie-photo","22":"tag-galerie-sport","23":"tag-grand-est","24":"tag-news","25":"tag-republique-francaise","26":"tag-sport-lorrain","27":"tag-strasbourg","28":"tag-volley-ball","29":"tag-vosges"},"share_on_mastodon":{"url":"https:\/\/pubeurope.com\/@fr\/115160914547652009","error":""},"_links":{"self":[{"href":"https:\/\/www.europesays.com\/fr\/wp-json\/wp\/v2\/posts\/372110","targetHints":{"allow":["GET"]}}],"collection":[{"href":"https:\/\/www.europesays.com\/fr\/wp-json\/wp\/v2\/posts"}],"about":[{"href":"https:\/\/www.europesays.com\/fr\/wp-json\/wp\/v2\/types\/post"}],"author":[{"embeddable":true,"href":"https:\/\/www.europesays.com\/fr\/wp-json\/wp\/v2\/users\/2"}],"replies":[{"embeddable":true,"href":"https:\/\/www.europesays.com\/fr\/wp-json\/wp\/v2\/comments?post=372110"}],"version-history":[{"count":0,"href":"https:\/\/www.europesays.com\/fr\/wp-json\/wp\/v2\/posts\/372110\/revisions"}],"wp:featuredmedia":[{"embeddable":true,"href":"https:\/\/www.europesays.com\/fr\/wp-json\/wp\/v2\/media\/372111"}],"wp:attachment":[{"href":"https:\/\/www.europesays.com\/fr\/wp-json\/wp\/v2\/media?parent=372110"}],"wp:term":[{"taxonomy":"category","embeddable":true,"href":"https:\/\/www.europesays.com\/fr\/wp-json\/wp\/v2\/categories?post=372110"},{"taxonomy":"post_tag","embeddable":true,"href":"https:\/\/www.europesays.com\/fr\/wp-json\/wp\/v2\/tags?post=372110"}],"curies":[{"name":"wp","href":"https:\/\/api.w.org\/{rel}","templated":true}]}}