{"id":372112,"date":"2025-09-07T03:34:11","date_gmt":"2025-09-07T03:34:11","guid":{"rendered":"https:\/\/www.europesays.com\/fr\/372112\/"},"modified":"2025-09-07T03:34:11","modified_gmt":"2025-09-07T03:34:11","slug":"expedition-punitive-a-nice-un-trentenaire-ouvre-le-feu-et-blesse-un-homme-en-recherchant-le-voleur-de-son-scooter","status":"publish","type":"post","link":"https:\/\/www.europesays.com\/fr\/372112\/","title":{"rendered":"Exp\u00e9dition punitive \u00e0 Nice: un trentenaire ouvre le feu et blesse un homme en recherchant le voleur de son scooter"},"content":{"rendered":"<p>Alert\u00e9e lundi dans la journ\u00e9e par le bruit de coups de feu, une riveraine du haut du boulevard Cessole \u00e0 Nice a pr\u00e9venu la police. \u00c0 leur arriv\u00e9e, les forces de l\u2019ordre n\u2019ont trouv\u00e9 personne.<\/p>\n<p>Les images de vid\u00e9osurveillance de la ville ont permis d\u2019identifier et d\u2019arr\u00eater trois personnes peu apr\u00e8s les faits. Le protagoniste, porteur de l\u2019arme, a quant \u00e0 lui \u00e9t\u00e9 interpell\u00e9 dans un h\u00f4tel de Saint-Laurent-du-Var. Il a confi\u00e9 qu\u2019il ne se cachait pas, mais qu\u2019il avait rendez-vous avec une escorte.<\/p>\n<p>Une enqu\u00eate personnelle apr\u00e8s le vol de son scooter<\/p>\n<p>\u00c0 la barre, le pr\u00e9venu a reconnu sans difficult\u00e9 les faits. Il a expliqu\u00e9 avoir \u00e9t\u00e9 victime du vol de son scooter dans la nuit du 29 ao\u00fbt. Malgr\u00e9 une plainte d\u00e9pos\u00e9e, il a men\u00e9 sa propre enqu\u00eate et affirm\u00e9 avoir rep\u00e9r\u00e9 des pi\u00e8ces d\u00e9tach\u00e9es de son deux-roues sur le scooter d\u2019un livreur de la pizzeria Fratelli, boulevard de Cessole. Plus que le v\u00e9hicule lui-m\u00eame, il cherchait \u00e0 r\u00e9cup\u00e9rer l\u2019\u00e9quivalent de sa valeur en argent.<\/p>\n<p>Accompagn\u00e9 d\u2019un voisin \u2014 qui ignorait qu\u2019il \u00e9tait arm\u00e9 \u2014, il s\u2019est rendu sur place. Mais un groupe de jeunes, inform\u00e9s que leur ami \u00e9tait recherch\u00e9, est all\u00e9 \u00e0 leur rencontre. La situation a d\u00e9g\u00e9n\u00e9r\u00e9. Dans la bagarre, plusieurs coups de feu ont \u00e9t\u00e9 tir\u00e9s. Un passant a \u00e9t\u00e9 touch\u00e9 \u00e0 l\u2019\u00e9paule.<\/p>\n<p>Un pr\u00e9venu d\u00e9j\u00e0 connu de la justice<\/p>\n<p>Le trentenaire n\u2019en est pas \u00e0 son premier passage devant un tribunal. L\u2019an dernier, il avait \u00e9t\u00e9 condamn\u00e9 pour violences aggrav\u00e9es et encourait cette fois, puisqu\u2019en \u00e9tat r\u00e9cidive l\u00e9gale, jusqu\u2019\u00e0 sept ans de prison. Le tribunal correctionnel de Nice, pr\u00e9sid\u00e9 par Isabelle Demarbaix-Joano, l\u2019a finalement condamn\u00e9 \u00e0 trois ans de prison avec mandat de d\u00e9p\u00f4t. Il lui est \u00e9galement interdit de porter une arme pendant dix ans.<\/p>\n","protected":false},"excerpt":{"rendered":"Alert\u00e9e lundi dans la journ\u00e9e par le bruit de coups de feu, une riveraine du haut du boulevard&hellip;\n","protected":false},"author":2,"featured_media":372113,"comment_status":"","ping_status":"","sticky":false,"template":"","format":"standard","meta":{"footnotes":""},"categories":[2819],"tags":[1111,11,1777,674,1011,27,303,12,2401,882,25],"class_list":{"0":"post-372112","1":"post","2":"type-post","3":"status-publish","4":"format-standard","5":"has-post-thumbnail","7":"category-nice","8":"tag-actu","9":"tag-actualites","10":"tag-eu","11":"tag-europe","12":"tag-fr","13":"tag-france","14":"tag-justice","15":"tag-news","16":"tag-nice","17":"tag-provence-alpes-cote-dazur","18":"tag-republique-francaise"},"share_on_mastodon":{"url":"https:\/\/pubeurope.com\/@fr\/115160918514283539","error":""},"_links":{"self":[{"href":"https:\/\/www.europesays.com\/fr\/wp-json\/wp\/v2\/posts\/372112","targetHints":{"allow":["GET"]}}],"collection":[{"href":"https:\/\/www.europesays.com\/fr\/wp-json\/wp\/v2\/posts"}],"about":[{"href":"https:\/\/www.europesays.com\/fr\/wp-json\/wp\/v2\/types\/post"}],"author":[{"embeddable":true,"href":"https:\/\/www.europesays.com\/fr\/wp-json\/wp\/v2\/users\/2"}],"replies":[{"embeddable":true,"href":"https:\/\/www.europesays.com\/fr\/wp-json\/wp\/v2\/comments?post=372112"}],"version-history":[{"count":0,"href":"https:\/\/www.europesays.com\/fr\/wp-json\/wp\/v2\/posts\/372112\/revisions"}],"wp:featuredmedia":[{"embeddable":true,"href":"https:\/\/www.europesays.com\/fr\/wp-json\/wp\/v2\/media\/372113"}],"wp:attachment":[{"href":"https:\/\/www.europesays.com\/fr\/wp-json\/wp\/v2\/media?parent=372112"}],"wp:term":[{"taxonomy":"category","embeddable":true,"href":"https:\/\/www.europesays.com\/fr\/wp-json\/wp\/v2\/categories?post=372112"},{"taxonomy":"post_tag","embeddable":true,"href":"https:\/\/www.europesays.com\/fr\/wp-json\/wp\/v2\/tags?post=372112"}],"curies":[{"name":"wp","href":"https:\/\/api.w.org\/{rel}","templated":true}]}}