{"id":372114,"date":"2025-09-07T03:35:12","date_gmt":"2025-09-07T03:35:12","guid":{"rendered":"https:\/\/www.europesays.com\/fr\/372114\/"},"modified":"2025-09-07T03:35:12","modified_gmt":"2025-09-07T03:35:12","slug":"aucune-poursuite-a-ce-stade-apres-la-tentative-dintrusion-de-trois-individus-dans-une-synagogue","status":"publish","type":"post","link":"https:\/\/www.europesays.com\/fr\/372114\/","title":{"rendered":"aucune poursuite \u00ab\u00a0\u00e0 ce stade\u00a0\u00bb apr\u00e8s la tentative d\u2019intrusion de trois individus dans une synagogue"},"content":{"rendered":"<p class=\"article-p mdl\">Le parquet de Nice a annonc\u00e9, ce samedi 6 septembre, qu\u2019aucune poursuite n&rsquo;est retenue \u00ab\u00a0\u00e0 ce stade\u00a0\u00bb \u00e0 l\u2019encontre des <strong>trois militants pro-palestiniens<\/strong> qui auraient tent\u00e9, jeudi 4 septembre, de p\u00e9n\u00e9trer dans une synagogue de Nice en prof\u00e9rant des injures \u00e0 caract\u00e8re antis\u00e9mite et en commettant des violences.<\/p>\n<p class=\"article-p mdl\">\u00ab\u00a0Au regard de la n\u00e9cessit\u00e9 de proc\u00e9der \u00e0 d&rsquo;autres investigations, notamment des auditions, tant sur les faits de violences d\u00e9nonc\u00e9es que sur les injures et provocations \u00e0\u00a0<a class=\"link\" href=\"https:\/\/www.rtl.fr\/actu\/debats-societe\/antisemitisme-646-actes-recenses-en-france-entre-janvier-et-juin-7900533236\" title=\"Antis\u00e9mitisme : 646 actes recens\u00e9s en France entre janvier et juin\" rel=\"nofollow noopener\" target=\"_blank\">caract\u00e8re antis\u00e9mite<\/a>\u00a0susceptibles d\u2019avoir \u00e9t\u00e9 commises, <strong>l\u2019enqu\u00eate va se poursuivre dans un cadre pr\u00e9liminaire<\/strong>\u00ab\u00a0, pr\u00e9cise Damien Martinelli, procureur de la R\u00e9publique.<\/p>\n<p class=\"article-p mdl\">Il a \u00e9galement indiqu\u00e9 que l\u2019examen des images de vid\u00e9osurveillance <strong>n\u2019a pas permis de caract\u00e9riser une quelconque tentative d\u2019intrusion<\/strong>. Elles montrent des \u00ab\u00a0\u00e9changes virulents\u00a0\u00bb avec les personnes pr\u00e9sentes pr\u00e8s de la\u00a0<a class=\"link\" href=\"https:\/\/www.rtl.fr\/actu\/justice-faits-divers\/info-rtl-neuilly-sur-seine-un-individu-interpelle-apres-avoir-menace-des-passants-au-couteau-devant-une-synagogue-7900535515\" title=\"INFO RTL - Neuilly-sur-Seine : un individu interpell\u00e9 apr\u00e8s avoir menac\u00e9 des passants au couteau devant une synagogue\" rel=\"nofollow noopener\" target=\"_blank\">synagogue<\/a>, mais \u00ab\u00a0sans actes de violences caract\u00e9ris\u00e9es\u00a0\u00bb. Les individus mis en cause ont d&rsquo;ailleurs ni\u00e9 ces violences et les insultes antis\u00e9mites dont ils sont accus\u00e9s.<\/p>\n<p>    La r\u00e9daction vous recommande<\/p>\n<p class=\"s-newsletter__title\">\n                L\u2019actualit\u00e9 par la r\u00e9daction de RTL dans votre bo\u00eete mail.\n            <\/p>\n<p class=\"s-newsletter__subtitle\">\n                Gr\u00e2ce \u00e0 votre compte RTL abonnez-vous \u00e0 la newsletter RTL info pour suivre toute l&rsquo;actualit\u00e9 au quotidien\n            <\/p>\n<p>\n                                    Lire la suite\n                                <\/p>\n","protected":false},"excerpt":{"rendered":"Le parquet de Nice a annonc\u00e9, ce samedi 6 septembre, qu\u2019aucune poursuite n&rsquo;est retenue \u00ab\u00a0\u00e0 ce stade\u00a0\u00bb \u00e0&hellip;\n","protected":false},"author":2,"featured_media":372115,"comment_status":"","ping_status":"","sticky":false,"template":"","format":"standard","meta":{"footnotes":""},"categories":[2819],"tags":[1111,11,8556,2898,6155,3259,1777,674,107,1011,27,303,1249,12,2401,1072,882,25,15934],"class_list":{"0":"post-372114","1":"post","2":"type-post","3":"status-publish","4":"format-standard","5":"has-post-thumbnail","7":"category-nice","8":"tag-actu","9":"tag-actualites","10":"tag-agression-antisemite","11":"tag-alpes-maritimes","12":"tag-antisemitisme","13":"tag-conflit-israelo-palestinien","14":"tag-eu","15":"tag-europe","16":"tag-fil-info","17":"tag-fr","18":"tag-france","19":"tag-justice","20":"tag-justice-francaise","21":"tag-news","22":"tag-nice","23":"tag-police","24":"tag-provence-alpes-cote-dazur","25":"tag-republique-francaise","26":"tag-synagogue"},"share_on_mastodon":{"url":"https:\/\/pubeurope.com\/@fr\/115160922362140726","error":""},"_links":{"self":[{"href":"https:\/\/www.europesays.com\/fr\/wp-json\/wp\/v2\/posts\/372114","targetHints":{"allow":["GET"]}}],"collection":[{"href":"https:\/\/www.europesays.com\/fr\/wp-json\/wp\/v2\/posts"}],"about":[{"href":"https:\/\/www.europesays.com\/fr\/wp-json\/wp\/v2\/types\/post"}],"author":[{"embeddable":true,"href":"https:\/\/www.europesays.com\/fr\/wp-json\/wp\/v2\/users\/2"}],"replies":[{"embeddable":true,"href":"https:\/\/www.europesays.com\/fr\/wp-json\/wp\/v2\/comments?post=372114"}],"version-history":[{"count":0,"href":"https:\/\/www.europesays.com\/fr\/wp-json\/wp\/v2\/posts\/372114\/revisions"}],"wp:featuredmedia":[{"embeddable":true,"href":"https:\/\/www.europesays.com\/fr\/wp-json\/wp\/v2\/media\/372115"}],"wp:attachment":[{"href":"https:\/\/www.europesays.com\/fr\/wp-json\/wp\/v2\/media?parent=372114"}],"wp:term":[{"taxonomy":"category","embeddable":true,"href":"https:\/\/www.europesays.com\/fr\/wp-json\/wp\/v2\/categories?post=372114"},{"taxonomy":"post_tag","embeddable":true,"href":"https:\/\/www.europesays.com\/fr\/wp-json\/wp\/v2\/tags?post=372114"}],"curies":[{"name":"wp","href":"https:\/\/api.w.org\/{rel}","templated":true}]}}