{"id":372122,"date":"2025-09-07T03:41:16","date_gmt":"2025-09-07T03:41:16","guid":{"rendered":"https:\/\/www.europesays.com\/fr\/372122\/"},"modified":"2025-09-07T03:41:16","modified_gmt":"2025-09-07T03:41:16","slug":"decouvrez-les-communes-aux-impots-les-plus-bas-et-les-plus-hauts","status":"publish","type":"post","link":"https:\/\/www.europesays.com\/fr\/372122\/","title":{"rendered":"d\u00e9couvrez les communes aux imp\u00f4ts les plus bas\u2026 et les plus hauts"},"content":{"rendered":"<p>            Par<br \/>\n        <strong><br \/>\n            <a href=\"https:\/\/actu.fr\/auteur\/guillaume-laurens\" title=\"Consulter tous les articles de Guillaume Laurens\" target=\"_blank\" rel=\"noopener\">Guillaume Laurens<\/a><br \/>\n        <\/strong><\/p>\n<p>        Publi\u00e9 le<\/p>\n<p>            6 sept. 2025 \u00e0 6h04        <\/p>\n<p>Alors que les <strong>avis d\u2019imp\u00f4t<\/strong> arrivent chez les contribuables, et qu\u2019Actu Toulouse a d\u00e9voil\u00e9 ce mercredi 3\u00a0septembre 2025 <a href=\"https:\/\/actu.fr\/occitanie\/toulouse_31555\/toulouse-et-haute-garonne-commune-par-commune-decouvrez-ou-vos-impots-augmentent_63106970.html\" target=\"_blank\" rel=\"noopener\">le classement des communes o\u00f9 la fiscalit\u00e9 augmente le plus en Haute-Garonne<\/a>, quelles sont celles o\u00f9 <strong>le taux d\u2019imp\u00f4t sur le foncier b\u00e2ti<\/strong> \u2014 principal imp\u00f4t pay\u00e9 par les propri\u00e9taires \u2014 est d\u00e9sormais le moins cher\u2026 et celles o\u00f9, \u00e0 l\u2019inverse, il est le plus \u00e9lev\u00e9 <strong>autour de Toulouse<\/strong>\u2009? Voici quelles sont les villes et villages de l\u2019agglom\u00e9ration o\u00f9 la fiscalit\u00e9 d\u2019un appartement ou d\u2019une maison est la moins forte en 2025.<\/p>\n<p>Le TOP. Fenouillet, en plein paradoxe fiscal<\/p>\n<p class=\" wall-content\"><strong>Fenouillet,<\/strong> 5\u2009727 habitants, est <strong>la 3\u1d49 commune du d\u00e9partement<\/strong> (sur un total de 586) o\u00f9 la hausse de la taxe sur le foncier b\u00e2ti est la plus importante (+ 11,80 %) en 2025. Pourquoi le maire (DVG) de Fenouillet a-t-il <strong>si fortement augment\u00e9<\/strong> les imp\u00f4ts ? Dans la commune qui dispose du plus grand centre commercial de toute l\u2019agglo, et des ressources qui vont avec, comment expliquer un tel paradoxe fiscal ? Contact\u00e9 \u00e0 maintes reprises, <strong>Thierry Duhamel<\/strong> n\u2019a pas souhait\u00e9 r\u00e9pondre \u00e0 nos sollicitations.<\/p>\n<p class=\" wall-content\">Reste que Fenouillet avait de la marge\u2009! Malgr\u00e9 cette augmentation, le taux communal du foncier b\u00e2ti dans cette ville du nord de Toulouse M\u00e9tropole reste le 6\u1d49 plus bas de tout le d\u00e9partement (23,78). Si l\u2019on exclut les petits villages du Comminges, c\u2019est m\u00eame de tr\u00e8s loin <strong>la ville de Haute-Garonne o\u00f9 il est le moins \u00e9lev\u00e9\u2026<\/strong><\/p>\n<p>    <img   decoding=\"async\" loading=\"lazy\" src=\"https:\/\/www.europesays.com\/fr\/wp-content\/uploads\/2025\/09\/mairie-fenouillet-toulouse-dss-960x640.jpg\" alt=\"Fenouillet (ici, la mairie) figure au classement des communes qui se distinguent par leur taux de fiscalit\u00e9 dans l\u2019agglom\u00e9ration de Toulouse, en 2025\u2026 (\u00a9David Saint-Sernin \/ Actu Toulouse)\" width=\"960\" height=\"640\"\/><br \/>\n    Malgr\u00e9 sa tr\u00e8s forte hausse, le taux sur le foncier b\u00e2ti \u00e0 Fenouillet (ici, la mairie) est le plus bas de l\u2019agglo (\u00a9David Saint-Sernin \/ Actu Toulouse)<\/p>\n<p class=\" wall-content\">Derri\u00e8re Fenouillet, on retrouve beaucoup de communes de l\u2019est de la Ville rose (<strong>Pin-Balma, Flourens, Beaupuy, Mondouzil, Gaur\u00e9, Balma<\/strong>\u2026) et quelques-unes du sud (<strong>Vieille-Toulouse <\/strong>notamment).<\/p>\n<p>CLASSEMENT. Les 20\u00a0communes o\u00f9 le foncier b\u00e2ti est le moins cher\u2009:<\/p>\n<ol class=\" wall-content\">\n<li><strong>Fenouillet<\/strong>\u2009: 23,68 (taux communal \/ +\u00a011,80\u2009% en 2025)<\/li>\n<li><strong>Pin-Balma<\/strong>\u2009: 25,02 (=)<\/li>\n<li><strong>Flourens<\/strong>\u2009: 25,54 (=)<\/li>\n<li><strong>Vieille-Toulouse<\/strong>\u2009: 27,48 (=)<\/li>\n<li><strong>Beaupuy<\/strong>\u2009: 27,59 (=)<\/li>\n<li><strong>Mondouzil<\/strong>\u2009: 28,45 (=)<\/li>\n<li><strong>Gaur\u00e9<\/strong>\u2009: 29,38 (=)<\/li>\n<li><strong>Balma<\/strong>\u2009: 29,48 (=)<\/li>\n<li><strong>Villeneuve-l\u00e8s-Bouloc<\/strong>\u2009: 30,40 (=)<\/li>\n<li><strong>Lavalette<\/strong>\u2009: 30,88 (=)<\/li>\n<li><strong>Mervilla<\/strong>\u2009: 32,33 (=)<\/li>\n<li><strong>Vigoulet-Auzil<\/strong>\u2009: 32,52 (=)<\/li>\n<li><strong>Quint-Fonsegrives<\/strong>\u2009: 32,72 (=)<\/li>\n<li><strong>Saint-Marcel-Paulel<\/strong>\u2009: 32,90 (=)<\/li>\n<li><strong>Saint-Jean<\/strong>\u2009: 33,02 (=)<\/li>\n<li><strong>Bonrepos-Riquet<\/strong>\u2009: 33,22 (=)<\/li>\n<li><strong>Saint-Pierre<\/strong>\u2009: 33,80 (+ 4,87 %)<\/li>\n<li><strong>L\u2019Union<\/strong>\u2009: 33,99 (=)<\/li>\n<li><strong>Aureville<\/strong>\u2009: 34,00 (=)<\/li>\n<li><strong>Lespinasse<\/strong>\u2009: 34,65 (=)<\/li>\n<\/ol>\n<p>LE FLOP. Castanet et Ramonville, champions des imp\u00f4ts locaux<\/p>\n<p class=\" wall-content\">\u00c0 l\u2019autre bout du classement, pour ce qui est des communes \u00e0 la <strong>taxe fonci\u00e8re<\/strong> <strong>la plus \u00e9lev\u00e9e,<\/strong> deux villes du <strong>Sicoval<\/strong> caracolent toujours largement en t\u00eate du classement\u2026 des champions des imp\u00f4ts locaux de tout le d\u00e9partement\u2009: il s\u2019agit de <strong>Castanet-Tolosan<\/strong> et <strong>Ramonville-Saint-Agne<\/strong>.<\/p>\n<p class=\" wall-content\">La premi\u00e8re est m\u00eame la seule des 586\u00a0communes \u00e0 franchir le seuil symbolique du taux d\u2019imp\u00f4t sur le foncier b\u00e2ti \u00e0 plus de 60\u2009%. Situ\u00e9e entre les deux, <strong>Auzeville-Tolosane<\/strong> affiche aussi une forte imposition (en 11\u1d49\u00a0place).<\/p>\n<p>Votre r\u00e9gion, votre actu !<\/p>\n<p>Recevez chaque jour les infos qui comptent pour vous.<\/p>\n<p>\t<a href=\"https:\/\/actu.fr\/newsletter\" class=\"ac-btn ac-btn--corner ac-btn--medium ac-btn--blue800\" target=\"_blank\" rel=\"noopener\">S&rsquo;incrire<\/a><\/p>\n<p class=\" wall-content\">Le duo de t\u00eate devance <strong>Saint-Jory,<\/strong> qui a pay\u00e9 cher les d\u00e9boires de son ancien maire <a href=\"https:\/\/actu.fr\/occitanie\/saint-jory_31490\/finances-catastrophiques-hausse-des-impots-dans-cette-commune-de-toulouse-metropole_60877347.html\" target=\"_blank\" rel=\"noopener\">(son successeur a d\u00fb se r\u00e9soudre \u00e0 augmenter de 10\u2009% les imp\u00f4ts l\u2019an dernier).<\/a> Pour compl\u00e9ter le quint\u00e9 suivent <strong>Plaisance-du-Touch<\/strong> et <strong>Venerque<\/strong>.<\/p>\n<p>CLASSEMENT. Les 20\u00a0communes o\u00f9 le foncier b\u00e2ti est le plus cher\u2009:<\/p>\n<ol class=\" wall-content\">\n<li><strong>Castanet-Tolosan<\/strong>\u2009: 61,90 (taux communal \/ =\u00a0en 2025)<\/li>\n<li><strong>Ramonville-Saint-Agne<\/strong>\u2009: 58,89 (=)<\/li>\n<li><strong>Saint-Jory<\/strong>\u2009: 56,60 (=)<\/li>\n<li><strong>Plaisance-du-Touch<\/strong>\u2009: 56,24 (=)<\/li>\n<li><strong>Fonsorbes<\/strong>\u2009: 55,60 (=)<\/li>\n<li><strong>Launaguet<\/strong>\u2009: 53,00 (=)<\/li>\n<li><strong>Gragnague<\/strong>\u2009: 51,49 (=)<\/li>\n<li><strong>Blagnac<\/strong>\u2009: 51,00 (=)<\/li>\n<li><strong>La Salvetat-Saint-Gilles<\/strong>\u2009: 50,53 (=)<\/li>\n<li><strong>C\u00e9pet<\/strong>\u2009: 49,92 (=)<\/li>\n<li><strong>Auzeville-Tolosane<\/strong>\u2009: 49,64 (=)<\/li>\n<li><strong>Fontenilles<\/strong>\u2009: 49,58 (=)<\/li>\n<li><strong>Escalquens<\/strong>\u2009: 49,22 (=)<\/li>\n<li><b>Roques\u2009<\/b>: 48,60 (=)<\/li>\n<li><strong>Ayguesvives<\/strong>\u2009: 48,23 (=)<\/li>\n<li><strong>Tournefeuille<\/strong>\u2009: 47,65 (=)<\/li>\n<li><strong>Montberon<\/strong>\u2009: 46,79 (=)<\/li>\n<li><b>Cugnaux\u2009<\/b>: 46,37 (=)<\/li>\n<li><b>Verfeil\u2009<\/b>: 46,00 (+ 0,86 %)<\/li>\n<li><strong>Lab\u00e8ge<\/strong>\u2009: 45,85 (+ 0,99 %)<\/li>\n<\/ol>\n<p>EN BREF. La taxe quasiment deux fois plus \u00e9lev\u00e9e \u00e0 Castanet qu&rsquo;\u00e0 Toulouse !<\/p>\n<p>Avec un taux \u00e0 35,35, la ville de Toulouse est\u00a0au milieu du classement des taxes fonci\u00e8res les plus \u00e9lev\u00e9es du d\u00e9partement (265e sur les 586 communes). En clair, pour un bien immobilier \u00e9quivalent, la part communale de la taxe fonci\u00e8re est quasiment deux fois plus \u00e9lev\u00e9e \u00e0 Castanet ou Ramonville, aux portes de Toulouse, que dans la Ville rose elle-m\u00eame&#8230;<\/p>\n<p>LE VENTRE MOU. Et les autres communes\u2009?<\/p>\n<p class=\" wall-content\">En dehors de ce top\u00a020 des communes de l\u2019agglo les moins ch\u00e8res et les plus ch\u00e8res, qu\u2019en est-il des <strong>autres principales villes<\/strong> autour de Toulouse, notamment dans la M\u00e9tropole\u2009? Voici les taux en vigueur, selon l\u2019administration fiscale, dans les autres principales communes des alentours\u2009:<\/p>\n<ul class=\" wall-content\">\n<li><strong>Toulouse<\/strong>\u2009: 35,35 (taux communal \/ =\u00a0en 2025)<\/li>\n<li><strong>Saint-Alban<\/strong>\u2009: 35,50 (=)<\/li>\n<li><strong>Montrab\u00e9<\/strong>\u2009: 37,05 (=)<\/li>\n<li><strong>Dr\u00e9mil-Lafage<\/strong>\u2009: 37,09 (=)<\/li>\n<li><strong>Pibrac<\/strong>\u2009: 37,66 (=)<\/li>\n<li><strong>Seilh<\/strong>\u2009: 37,81 (=)<\/li>\n<li><strong>Portet-sur-Garonne<\/strong>\u2009: 38,58 (=)<\/li>\n<li><strong>Mons<\/strong>\u2009: 39,28 (=)<\/li>\n<li><strong>Brugui\u00e8res<\/strong>\u2009: 39,42 (=)<\/li>\n<li><strong>Castelginest<\/strong>\u2009: 39,45 (=)<\/li>\n<li><strong>Villeneuve-Tolosane<\/strong>\u2009: 40,48 (=)<\/li>\n<li><strong>Castelmaurou<\/strong>\u2009: 40,50 (=)<\/li>\n<li><strong>Cornebarrieu<\/strong>\u2009: 41,66 (=)<\/li>\n<li><strong>Colomiers<\/strong>\u2009: 41,75 (=)<\/li>\n<li><strong>Saint-Orens-de-Gameville<\/strong>\u2009: 41,76 (=)<\/li>\n<li><strong>Rouffiac-Tolosan<\/strong>\u2009: 42,35 (+ 1,68 %)<\/li>\n<li><strong>Beauzelle<\/strong>\u2009: 42,77 (=)<\/li>\n<li><strong>Aussonne<\/strong>\u2009: 43,79 (=)<\/li>\n<li><strong>Aigrefeuille<\/strong>\u2009: 44,44 (=)<\/li>\n<li><strong>Gratentour<\/strong>\u2009: 44,90 (+ 2,28 %)<\/li>\n<li><strong>Mondonville<\/strong>\u2009: 44,90 (=)<\/li>\n<li><strong>Aucamville<\/strong>\u2009: 45,05 (=)<\/li>\n<li><strong>Muret<\/strong>\u2009: 45,12 (=)<\/li>\n<\/ul>\n<p class=\" wall-content\">Personnalisez votre actualit\u00e9 en ajoutant vos villes et m\u00e9dias en favori avec <a href=\"https:\/\/moncompte.actu.fr\" title=\"D\u00e9couvez Mon Actu\" rel=\"nofollow noopener\" data-trk=\"{&quot;cta&quot;:{&quot;action&quot;:&quot;https:\\\/\\\/moncompte.actu.fr&quot;,&quot;category&quot;:&quot;mon compte&quot;,&quot;from&quot;:&quot;article footer&quot;,&quot;name&quot;:&quot;Mon actu&quot;,&quot;type&quot;:&quot;cta&quot;}}\" target=\"_blank\">Mon Actu<\/a>.<\/p>\n","protected":false},"excerpt":{"rendered":"Par Guillaume Laurens Publi\u00e9 le 6 sept. 2025 \u00e0 6h04 Alors que les avis d\u2019imp\u00f4t arrivent chez les&hellip;\n","protected":false},"author":2,"featured_media":372123,"comment_status":"","ping_status":"","sticky":false,"template":"","format":"standard","meta":{"footnotes":""},"categories":[2816],"tags":[1111,11,1777,674,1011,27,342,12,2680,25,104,9908,2312],"class_list":{"0":"post-372122","1":"post","2":"type-post","3":"status-publish","4":"format-standard","5":"has-post-thumbnail","7":"category-toulouse","8":"tag-actu","9":"tag-actualites","10":"tag-eu","11":"tag-europe","12":"tag-fr","13":"tag-france","14":"tag-impots","15":"tag-news","16":"tag-occitanie","17":"tag-republique-francaise","18":"tag-societe","19":"tag-taxe-fonciere","20":"tag-toulouse"},"share_on_mastodon":{"url":"https:\/\/pubeurope.com\/@fr\/115160946280378886","error":""},"_links":{"self":[{"href":"https:\/\/www.europesays.com\/fr\/wp-json\/wp\/v2\/posts\/372122","targetHints":{"allow":["GET"]}}],"collection":[{"href":"https:\/\/www.europesays.com\/fr\/wp-json\/wp\/v2\/posts"}],"about":[{"href":"https:\/\/www.europesays.com\/fr\/wp-json\/wp\/v2\/types\/post"}],"author":[{"embeddable":true,"href":"https:\/\/www.europesays.com\/fr\/wp-json\/wp\/v2\/users\/2"}],"replies":[{"embeddable":true,"href":"https:\/\/www.europesays.com\/fr\/wp-json\/wp\/v2\/comments?post=372122"}],"version-history":[{"count":0,"href":"https:\/\/www.europesays.com\/fr\/wp-json\/wp\/v2\/posts\/372122\/revisions"}],"wp:featuredmedia":[{"embeddable":true,"href":"https:\/\/www.europesays.com\/fr\/wp-json\/wp\/v2\/media\/372123"}],"wp:attachment":[{"href":"https:\/\/www.europesays.com\/fr\/wp-json\/wp\/v2\/media?parent=372122"}],"wp:term":[{"taxonomy":"category","embeddable":true,"href":"https:\/\/www.europesays.com\/fr\/wp-json\/wp\/v2\/categories?post=372122"},{"taxonomy":"post_tag","embeddable":true,"href":"https:\/\/www.europesays.com\/fr\/wp-json\/wp\/v2\/tags?post=372122"}],"curies":[{"name":"wp","href":"https:\/\/api.w.org\/{rel}","templated":true}]}}