{"id":372126,"date":"2025-09-07T03:43:23","date_gmt":"2025-09-07T03:43:23","guid":{"rendered":"https:\/\/www.europesays.com\/fr\/372126\/"},"modified":"2025-09-07T03:43:23","modified_gmt":"2025-09-07T03:43:23","slug":"tout-savoir-sur-la-pietonnisation-temporaire","status":"publish","type":"post","link":"https:\/\/www.europesays.com\/fr\/372126\/","title":{"rendered":"tout savoir sur la pi\u00e9tonnisation temporaire"},"content":{"rendered":"<p>Depuis quelques ann\u00e9es, la Ville de <strong>Lille <\/strong>multiplie les initiatives pour rendre ses <strong>rues plus agr\u00e9ables et accessibles \u00e0 pied<\/strong>. Le samedi comme en \u00e9t\u00e9, la <strong>pi\u00e9tonnisation \u00e9ph\u00e9m\u00e8re<\/strong> transforme ponctuellement certains quartiers, offrant une exp\u00e9rience unique aux habitants et visiteurs. Cependant, il faut \u00eatre inform\u00e9 lorsqu\u2019on arrive en voiture ! Voici tout ce qu\u2019il faut savoir pour <strong>circuler sereinement dans la capitale des Flandres<\/strong>.<\/p>\n<p>Lille\u00a0: pi\u00e9tonnisation chaque samedi en centre-ville<\/p>\n<p>A <a href=\"https:\/\/www.eplaque.fr\/infos\/paris-centre-pietonnier\" rel=\"nofollow noopener\" target=\"_blank\">Paris, la pi\u00e9tonnisation est largement permanente<\/a>. M\u00eame si les fermetures de rues ponctuelles existent. \u00c0 Lille, on a opt\u00e9 pour une autre approche. Depuis mai 2021, le <strong>centre-ville est pi\u00e9ton tous les samedis de 11 h \u00e0 19 h<\/strong>. Cette initiative, lanc\u00e9e apr\u00e8s une exp\u00e9rimentation r\u00e9ussie, favorise la d\u00e9ambulation et stimule l\u2019activit\u00e9 des commerces.<\/p>\n<p><img loading=\"lazy\" decoding=\"async\" width=\"1024\" height=\"773\" src=\"https:\/\/www.europesays.com\/fr\/wp-content\/uploads\/2025\/09\/lille-rues-pietonnes-carte-1024x773.png\" alt=\"\" class=\"wp-image-42529\"  \/><\/p>\n<p>Les rues concern\u00e9es incluent notamment :<\/p>\n<ul class=\"wp-block-list\">\n<li>La rue des Tanneurs<\/li>\n<li>La rue des Foss\u00e9s<\/li>\n<li>Le square Lestiboudois<\/li>\n<li>La rue de la Clef<\/li>\n<\/ul>\n<p>Pour les riverains disposant d\u2019un <a href=\"https:\/\/www.eplaque.fr\/carte-grise\/carte-grise-garage\" rel=\"nofollow noopener\" target=\"_blank\">garage<\/a> dans ces zones, l\u2019acc\u00e8s reste possible gr\u00e2ce \u00e0 un syst\u00e8me de <strong>bornes automatiques<\/strong>. Il suffit de fournir \u00e0 la mairie un justificatif de domicile et une copie de la <a href=\"https:\/\/www.eplaque.fr\/carte-grise.html\" rel=\"nofollow noopener\" target=\"_blank\">carte grise<\/a> pour <strong>enregistrer votre v\u00e9hicule<\/strong>.<\/p>\n<p class=\"encadre\">Vous avez perdu votre titre ? <br \/>Faites votre <a href=\"https:\/\/www.eplaque.fr\/carte-grise\/france\/carte-grise-nord-59\" rel=\"nofollow noopener\" target=\"_blank\">duplicata de carte grise dans le Nord en ligne<\/a> avec Eplaque. <\/p>\n<p>Une pi\u00e9tonnisation estivale temporaire pour profiter de Lille autrement <\/p>\n<p>De<strong> juin \u00e0 octobre<\/strong>, certaines rues embl\u00e9matiques comme la <strong>rue des Bouchers<\/strong> et la rue de Gand deviennent des zones de fl\u00e2nerie. Gr\u00e2ce au dispositif \u00ab <strong>Terrasses estivales<\/strong> \u00bb, les restaurateurs \u00e9tendent leurs espaces ext\u00e9rieurs, offrant un cadre convivial et apais\u00e9 pour se restaurer ou prendre un verre.<\/p>\n<p>Les \u00ab rues scolaires \u00bb et \u00ab rues aux enfants \u00bb lilloises<\/p>\n<p>La Ville de Lille mise aussi sur la s\u00e9curit\u00e9 et le bien-\u00eatre des plus jeunes. Ainsi, pr\u00e8s de <strong>18 rues situ\u00e9es \u00e0 proximit\u00e9 des \u00e9coles<\/strong> sont ferm\u00e9es \u00e0 la circulation aux heures d\u2019entr\u00e9e et de sortie des classes. Ce dispositif s\u2019\u00e9tend \u00e9galement avec les \u00ab <strong>rues aux enfants<\/strong> \u00bb, o\u00f9 certaines rues ou places sont am\u00e9nag\u00e9es temporairement pour permettre aux enfants de jouer et se rencontrer en toute s\u00e9curit\u00e9.<\/p>\n<p>Lille\u00a0: une politique pi\u00e9tonne flexible ax\u00e9e sur la concertation<\/p>\n<p>Ces mesures illustrent l\u2019engagement de Lille pour des modes de d\u00e9placement plus respectueux de l\u2019environnement et une <strong>meilleure qualit\u00e9 de vie urbaine<\/strong>. Le tout dans le <strong>respect des int\u00e9r\u00eats des commerces locaux<\/strong>. Que vous soyez habitant ou visiteur, il est essentiel de tenir compte de ces dispositions pour planifier vos d\u00e9placements.<\/p>\n<p>Pour toute question ou demande d\u2019acc\u00e8s, contactez le service de la pi\u00e9tonnisation de la <strong>mairie de Lille<\/strong> :<\/p>\n<ul class=\"wp-block-list\">\n<li>Tel : 03 20 49 51 80 <\/li>\n<li>Email : pietonnisation@mairie-lille.fr<\/li>\n<li><a href=\"https:\/\/www.lille.fr\/Vivre-a-Lille\/Me-deplacer\/A-pied2\/Pietonnisation-du-centre-ville-et-acces-des-riverains\" target=\"_blank\" rel=\"noreferrer noopener nofollow\">Site<\/a><\/li>\n<\/ul>\n","protected":false},"excerpt":{"rendered":"Depuis quelques ann\u00e9es, la Ville de Lille multiplie les initiatives pour rendre ses rues plus agr\u00e9ables et accessibles&hellip;\n","protected":false},"author":2,"featured_media":372127,"comment_status":"","ping_status":"","sticky":false,"template":"","format":"standard","meta":{"footnotes":""},"categories":[2815],"tags":[1111,11,1777,674,1011,27,811,1307,12,25],"class_list":{"0":"post-372126","1":"post","2":"type-post","3":"status-publish","4":"format-standard","5":"has-post-thumbnail","7":"category-lille","8":"tag-actu","9":"tag-actualites","10":"tag-eu","11":"tag-europe","12":"tag-fr","13":"tag-france","14":"tag-hauts-de-france","15":"tag-lille","16":"tag-news","17":"tag-republique-francaise"},"share_on_mastodon":{"url":"https:\/\/pubeurope.com\/@fr\/115160954196441701","error":""},"_links":{"self":[{"href":"https:\/\/www.europesays.com\/fr\/wp-json\/wp\/v2\/posts\/372126","targetHints":{"allow":["GET"]}}],"collection":[{"href":"https:\/\/www.europesays.com\/fr\/wp-json\/wp\/v2\/posts"}],"about":[{"href":"https:\/\/www.europesays.com\/fr\/wp-json\/wp\/v2\/types\/post"}],"author":[{"embeddable":true,"href":"https:\/\/www.europesays.com\/fr\/wp-json\/wp\/v2\/users\/2"}],"replies":[{"embeddable":true,"href":"https:\/\/www.europesays.com\/fr\/wp-json\/wp\/v2\/comments?post=372126"}],"version-history":[{"count":0,"href":"https:\/\/www.europesays.com\/fr\/wp-json\/wp\/v2\/posts\/372126\/revisions"}],"wp:featuredmedia":[{"embeddable":true,"href":"https:\/\/www.europesays.com\/fr\/wp-json\/wp\/v2\/media\/372127"}],"wp:attachment":[{"href":"https:\/\/www.europesays.com\/fr\/wp-json\/wp\/v2\/media?parent=372126"}],"wp:term":[{"taxonomy":"category","embeddable":true,"href":"https:\/\/www.europesays.com\/fr\/wp-json\/wp\/v2\/categories?post=372126"},{"taxonomy":"post_tag","embeddable":true,"href":"https:\/\/www.europesays.com\/fr\/wp-json\/wp\/v2\/tags?post=372126"}],"curies":[{"name":"wp","href":"https:\/\/api.w.org\/{rel}","templated":true}]}}