{"id":37214,"date":"2025-04-19T19:36:10","date_gmt":"2025-04-19T19:36:10","guid":{"rendered":"https:\/\/www.europesays.com\/fr\/37214\/"},"modified":"2025-04-19T19:36:10","modified_gmt":"2025-04-19T19:36:10","slug":"dans-les-cotes-darmor-willy-schraen-le-patron-des-chasseurs-sattaque-a-lunion-europeenne","status":"publish","type":"post","link":"https:\/\/www.europesays.com\/fr\/37214\/","title":{"rendered":"Dans les C\u00f4tes-d\u2019Armor, Willy Schraen, le patron des chasseurs, s\u2019attaque \u00e0 l\u2019Union europ\u00e9enne"},"content":{"rendered":"<p>Il est connu pour ne pas prendre de gants. Willy Schraen, le patron des chasseurs fran\u00e7ais, n\u2019a pas trahi sa r\u00e9putation, ce samedi 19 avril, \u00e0 l\u2019occasion de l\u2019assembl\u00e9e g\u00e9n\u00e9rale de la f\u00e9d\u00e9ration de chasse des C\u00f4tes-d\u2019Armor. Dans un discours fleuve, le pr\u00e9sident de la f\u00e9d\u00e9ration nationale tape tour \u00e0 tour sur \u00ab\u00a0les \u00e9lus hors-sol de l\u2019\u00e9cologie punitive, l\u2019extr\u00eame gauche anti-chasse\u00a0\u00bb ou bien encore l\u2019Union europ\u00e9enne.<\/p>\n<p>Cette derni\u00e8re concentre nombre des traits tir\u00e9s par Willy Schraen qui assure \u00eatre \u00ab\u00a0en exil dans son Europe\u00a0\u00bb. Lui, qui avait initi\u00e9 et occupait la troisi\u00e8me position <a href=\"https:\/\/www.letelegramme.fr\/france\/elections-europeennes-lalliance-rurale-part-en-campagne-sans-chasser-les-soupcons-6482715.php\" target=\"_blank\" rel=\"nofollow noopener\">sur la liste L\u2019Alliance Rurale pour les \u00e9lections europ\u00e9ennes<\/a> de 2024, ayant obtenu seulement 2,35\u00a0% des voix. \u00ab\u00a0Une branl\u00e9e\u00a0\u00bb, reconna\u00eet-il.<\/p>\n<p>La chasse plomb\u00e9e par l\u2019Europe<\/p>\n<p>\u00ab\u00a0Il n\u2019y a rien de plus dangereux qu\u2019un techno de l\u2019Europe qui s\u2019emmerde devant son ordi et doit trouver une nouvelle id\u00e9e pour justifier son salaire\u00a0\u00bb, lance Willy Schraen, face \u00e0 un auditoire conquis. Dans son viseur une proposition de la Commission europ\u00e9enne visant \u00e0 r\u00e9glementer l\u2019usage du plomb. \u00ab\u00a0Si rien n\u2019est fait, dans 18 mois, le plomb sera interdit dans nos balles de carabine et dans trois ans dans nos grenailles\u00a0\u00bb, s\u2019insurge-t-il, y voyant une attaque en r\u00e8gle contre la chasse.<\/p>\n<p><img decoding=\"async\" src=\"https:\/\/www.europesays.com\/fr\/wp-content\/uploads\/2025\/04\/6803e3449d4d7cb919038e8e.1.jpeg\" width=\"480\" height=\"300\" class=\"web_golden_m\" loading=\"lazy\" alt=\"Willy Schraen s\u2019oppose \u00e0 la volont\u00e9 de l\u2019Union europ\u00e9enne de r\u00e9glementer la pr\u00e9sence du plomb dans la chasse et de mettre fin \u00e0 la chasse \u00e0 la palombe \u00e0 l\u2019aide de filets.\"\/>Willy Schraen s\u2019oppose \u00e0 la volont\u00e9 de l\u2019Union europ\u00e9enne de r\u00e9glementer la pr\u00e9sence du plomb dans la chasse et de mettre fin \u00e0 la chasse \u00e0 la palombe \u00e0 l\u2019aide de filets. (Le T\u00e9l\u00e9gramme\/Julien Molla)<\/p>\n<p>\u00ab\u00a0Il va falloir trouver une solution pragmatique, loin du d\u00e9lire de l\u2019Europe\u00a0\u00bb, assure Willy Schraen. Il a sollicit\u00e9 Agn\u00e8s Pannier-Runacher, ministre de la Transition \u00e9cologique, pour \u00ab\u00a0mettre en place une p\u00e9riode de transition de dix ans et la possibilit\u00e9 de continuer \u00e0 \u00e9couler les stocks ensuite\u00a0\u00bb.<\/p>\n<p>D\u00e9fenseur de la chasse \u00ab\u00a0traditionnelle\u00a0\u00bb<\/p>\n<p>Une autre source d\u2019\u00e9nervement concerne la volont\u00e9 de Bruxelles de mettre un terme \u00e0 la chasse \u00e0 la palombe \u00e0 l\u2019aide de filets, comme pratiqu\u00e9s dans cinq d\u00e9partements fran\u00e7ais. \u00ab\u00a0\u00c7a les rend malade que quelques oiseaux soient pi\u00e9g\u00e9s par des m\u00e9thodes ancestrales\u00a0\u00bb, s\u2019agace-t-il en tan\u00e7ant ceux qui \u00ab\u00a0r\u00eavent d\u2019une Europe uniforme, insipide, sans saveur\u00a0\u00bb. Le pr\u00e9sident assure que les chasseurs ne se laisseront pas faire et vont saisir la Cour europ\u00e9enne des droits de l\u2019homme sur ce dossier, pour d\u00e9fendre la chasse traditionnelle et \u00ab\u00a0nos identit\u00e9s culturelles fran\u00e7aises\u00a0\u00bb.<\/p>\n<p><img decoding=\"async\" src=\"https:\/\/www.europesays.com\/fr\/wp-content\/uploads\/2025\/04\/6803e344f191159bd9050d81.1.jpeg\" width=\"480\" height=\"300\" class=\"web_golden_m\" loading=\"lazy\" alt=\"Willy Schraen a livr\u00e9 son r\u00e9quisitoire contre une Union europ\u00e9enne \u00ab\u00a0hors-sol\u00a0\u00bb devant une assembl\u00e9e conquise.\"\/>Willy Schraen a livr\u00e9 son r\u00e9quisitoire contre une Union europ\u00e9enne \u00ab\u00a0hors-sol\u00a0\u00bb devant une assembl\u00e9e conquise. (Le T\u00e9l\u00e9gramme\/Julien Molla)<\/p>\n<p>Pour Willy Schraen, l\u2019ann\u00e9e 2025 sera manifestement offensive. Les f\u00e9d\u00e9rations et les chasseurs sont invit\u00e9s \u00e0 remettre, le dimanche 17 mai, une copie du manifeste pour la chasse dans chacune des mairies de France. Il annonce aussi \u00ab\u00a0un peu de tension\u00a0\u00bb avec l\u2019\u00c9tat sur la question de l\u2019indemnisation vers\u00e9e aux agriculteurs touch\u00e9s par les d\u00e9g\u00e2ts de grands gibiers. \u00ab\u00a0Les chasseurs ne doivent plus payer seuls\u00a0\u00bb, pr\u00e9vient-il devant le pr\u00e9fet.<\/p>\n","protected":false},"excerpt":{"rendered":"Il est connu pour ne pas prendre de gants. Willy Schraen, le patron des chasseurs fran\u00e7ais, n\u2019a pas&hellip;\n","protected":false},"author":2,"featured_media":37215,"comment_status":"","ping_status":"","sticky":false,"template":"","format":"standard","meta":{"footnotes":""},"categories":[1586],"tags":[11,829,4183,2171,765,1777,674,1779,1011,27,12,25,1778,364],"class_list":{"0":"post-37214","1":"post","2":"type-post","3":"status-publish","4":"format-standard","5":"has-post-thumbnail","7":"category-europe","8":"tag-actualites","9":"tag-bretagne","10":"tag-chasse","11":"tag-cotes-darmor","12":"tag-en-continu","13":"tag-eu","14":"tag-europe","15":"tag-european-union","16":"tag-fr","17":"tag-france","18":"tag-news","19":"tag-republique-francaise","20":"tag-ue","21":"tag-union-europeenne"},"share_on_mastodon":{"url":"https:\/\/pubeurope.com\/@fr\/114366315522209040","error":""},"_links":{"self":[{"href":"https:\/\/www.europesays.com\/fr\/wp-json\/wp\/v2\/posts\/37214","targetHints":{"allow":["GET"]}}],"collection":[{"href":"https:\/\/www.europesays.com\/fr\/wp-json\/wp\/v2\/posts"}],"about":[{"href":"https:\/\/www.europesays.com\/fr\/wp-json\/wp\/v2\/types\/post"}],"author":[{"embeddable":true,"href":"https:\/\/www.europesays.com\/fr\/wp-json\/wp\/v2\/users\/2"}],"replies":[{"embeddable":true,"href":"https:\/\/www.europesays.com\/fr\/wp-json\/wp\/v2\/comments?post=37214"}],"version-history":[{"count":0,"href":"https:\/\/www.europesays.com\/fr\/wp-json\/wp\/v2\/posts\/37214\/revisions"}],"wp:featuredmedia":[{"embeddable":true,"href":"https:\/\/www.europesays.com\/fr\/wp-json\/wp\/v2\/media\/37215"}],"wp:attachment":[{"href":"https:\/\/www.europesays.com\/fr\/wp-json\/wp\/v2\/media?parent=37214"}],"wp:term":[{"taxonomy":"category","embeddable":true,"href":"https:\/\/www.europesays.com\/fr\/wp-json\/wp\/v2\/categories?post=37214"},{"taxonomy":"post_tag","embeddable":true,"href":"https:\/\/www.europesays.com\/fr\/wp-json\/wp\/v2\/tags?post=37214"}],"curies":[{"name":"wp","href":"https:\/\/api.w.org\/{rel}","templated":true}]}}