{"id":372151,"date":"2025-09-07T03:59:11","date_gmt":"2025-09-07T03:59:11","guid":{"rendered":"https:\/\/www.europesays.com\/fr\/372151\/"},"modified":"2025-09-07T03:59:11","modified_gmt":"2025-09-07T03:59:11","slug":"plus-de-400-arrestations-dans-une-manifestation-pro-palestinienne-a-londres","status":"publish","type":"post","link":"https:\/\/www.europesays.com\/fr\/372151\/","title":{"rendered":"plus de 400 arrestations dans une manifestation pro-palestinienne \u00e0 Londres"},"content":{"rendered":"<p class=\"push-notif__title\">Bienvenue sur RTL<\/p>\n<p class=\"push-notif__subtitle\">\n                Ne manquez rien de l&rsquo;actualit\u00e9 en activant les notifications sur votre navigateur\n            <\/p>\n<p class=\"push-notif__excerpt\">\n                Cliquez sur \u201cAutoriser\u201d pour poursuivre votre navigation en recevant des<br \/>\n                notifications. Vous recevrez ponctuellement sous forme de notifciation des actualit\u00e9s RTL. Pour vous<br \/>\n                d\u00e9sabonner, modifier vos pr\u00e9f\u00e9rences, rendez-vous \u00e0 tout moment dans le centre de notification de votre<br \/>\n                \u00e9quipement.\n            <\/p>\n","protected":false},"excerpt":{"rendered":"Bienvenue sur RTL Ne manquez rien de l&rsquo;actualit\u00e9 en activant les notifications sur votre navigateur Cliquez sur \u201cAutoriser\u201d&hellip;\n","protected":false},"author":2,"featured_media":372152,"comment_status":"","ping_status":"","sticky":false,"template":"","format":"standard","meta":{"footnotes":""},"categories":[1588],"tags":[11,4708,3259,1777,674,107,14,4534,1272,12,3518,473,1853,1851,1850,1852],"class_list":{"0":"post-372151","1":"post","2":"type-post","3":"status-publish","4":"format-standard","5":"has-post-thumbnail","7":"category-royaume-uni","8":"tag-actualites","9":"tag-angleterre","10":"tag-conflit-israelo-palestinien","11":"tag-eu","12":"tag-europe","13":"tag-fil-info","14":"tag-international","15":"tag-londres","16":"tag-manifestations","17":"tag-news","18":"tag-palestine","19":"tag-royaume-uni","20":"tag-royaume-uni-de-grande-bretagne-et-dirlande-du-nord","21":"tag-uk","22":"tag-united-kingdom","23":"tag-united-kingdom-of-great-britain-and-northern-ireland"},"share_on_mastodon":{"url":"https:\/\/pubeurope.com\/@fr\/115161016818215817","error":""},"_links":{"self":[{"href":"https:\/\/www.europesays.com\/fr\/wp-json\/wp\/v2\/posts\/372151","targetHints":{"allow":["GET"]}}],"collection":[{"href":"https:\/\/www.europesays.com\/fr\/wp-json\/wp\/v2\/posts"}],"about":[{"href":"https:\/\/www.europesays.com\/fr\/wp-json\/wp\/v2\/types\/post"}],"author":[{"embeddable":true,"href":"https:\/\/www.europesays.com\/fr\/wp-json\/wp\/v2\/users\/2"}],"replies":[{"embeddable":true,"href":"https:\/\/www.europesays.com\/fr\/wp-json\/wp\/v2\/comments?post=372151"}],"version-history":[{"count":0,"href":"https:\/\/www.europesays.com\/fr\/wp-json\/wp\/v2\/posts\/372151\/revisions"}],"wp:featuredmedia":[{"embeddable":true,"href":"https:\/\/www.europesays.com\/fr\/wp-json\/wp\/v2\/media\/372152"}],"wp:attachment":[{"href":"https:\/\/www.europesays.com\/fr\/wp-json\/wp\/v2\/media?parent=372151"}],"wp:term":[{"taxonomy":"category","embeddable":true,"href":"https:\/\/www.europesays.com\/fr\/wp-json\/wp\/v2\/categories?post=372151"},{"taxonomy":"post_tag","embeddable":true,"href":"https:\/\/www.europesays.com\/fr\/wp-json\/wp\/v2\/tags?post=372151"}],"curies":[{"name":"wp","href":"https:\/\/api.w.org\/{rel}","templated":true}]}}