{"id":372156,"date":"2025-09-07T04:02:17","date_gmt":"2025-09-07T04:02:17","guid":{"rendered":"https:\/\/www.europesays.com\/fr\/372156\/"},"modified":"2025-09-07T04:02:17","modified_gmt":"2025-09-07T04:02:17","slug":"quatre-questions-sur-lamende-de-3-milliards-deuros-infligee-par-lue-a-google-qui-provoque-la-colere-de-donald-trump","status":"publish","type":"post","link":"https:\/\/www.europesays.com\/fr\/372156\/","title":{"rendered":"Quatre questions sur l&rsquo;amende de 3 milliards d&rsquo;euros inflig\u00e9e par l&rsquo;UE \u00e0 Google, qui provoque la col\u00e8re de Donald Trump"},"content":{"rendered":"\n<p class=\"c-chapo \">\n  La Commission europ\u00e9enne a estim\u00e9 que le g\u00e9ant am\u00e9ricain de la tech avait abus\u00e9 de sa position dominante dans le secteur de la publicit\u00e9 en ligne. Le pr\u00e9sident des Etats-Unis menace Bruxelles de nouveaux droits de douane.\n<\/p>\n<p>            lire plus tard<\/p>\n<p id=\"dialog__title\" class=\"dialog__title\">Pour sauvegarder cet article, connectez-vous ou cr\u00e9ez un compte franceinfo<\/p>\n<p class=\"dialog__description\">Sans paiement. Sans abonnement.<\/p>\n<p>        Fermer la fen\u00eatre d\u2019activation des notifications France Info<\/p>\n<p>            cr\u00e9er votre compte<\/p>\n<p>            se connecter<\/p>\n<p>        Fermer la fen\u00eatre de pr\u00e9sentation<\/p>\n<p>    <img loading=\"lazy\" decoding=\"async\" class=\"signature__image lazyload\" width=\"100\" height=\"100\" data- alt=\"\" src=\"https:\/\/www.europesays.com\/fr\/wp-content\/uploads\/2025\/05\/64a68815cd1a7_placeholder-36b69ec8.png\"\/><\/p>\n<p>    Publi\u00e9 le 06\/09\/2025 16:26<\/p>\n<p>        Temps de lecture : 8min<\/p>\n<p>    <img decoding=\"async\"  alt=\"Le logo Google \u00e0 Zandvoort, aux Pays-Bas, le 30 ao\u00fbt 2025. (JAKUB PORZYCKI \/ NURPHOTO \/ AFP)\" width=\"432\" height=\"243\" src=\"https:\/\/www.europesays.com\/fr\/wp-content\/uploads\/2025\/09\/075-porzycki-mclarenf250830-np55u-68bc318ea209b233522439.jpg\" fetchpriority=\"high\"\/><\/p>\n<p>      Le logo Google \u00e0 Zandvoort, aux Pays-Bas, le 30 ao\u00fbt 2025. (JAKUB PORZYCKI \/ NURPHOTO \/ AFP)<\/p>\n<p>La fragile tr\u00eave commerciale entre l&rsquo;Union europ\u00e9enne et les Etats-Unis sera peut-\u00eatre de courte dur\u00e9e. L&rsquo;annonce par la Commission europ\u00e9enne vendredi 5 septembre de sa d\u00e9cision <a href=\"https:\/\/www.franceinfo.fr\/internet\/google\/l-ue-inflige-a-google-une-amende-de-pres-de-2-95-milliards-d-euros-pour-abus-de-position-dominante-dans-le-secteur-de-la-publicite-en-ligne_7475179.html\" rel=\"nofollow noopener\" target=\"_blank\">d&rsquo;infliger une amende de 2,95 milliards d&rsquo;euros<\/a> au g\u00e9ant am\u00e9ricain Google a aussit\u00f4t provoqu\u00e9 <a href=\"https:\/\/www.franceinfo.fr\/internet\/google\/donald-trump-menace-l-union-europeenne-de-represailles-commerciales-apres-l-amende-contre-google_7475521.html\" rel=\"nofollow noopener\" target=\"_blank\">la col\u00e8re de Donald Trump<\/a>. Le pr\u00e9sident am\u00e9ricain a menac\u00e9 de riposter avec des sanctions commerciales, alors qu&rsquo;un accord limitant \u00e0 15% les droits de douane sur les produits europ\u00e9ens <a href=\"https:\/\/www.franceinfo.fr\/monde\/usa\/droits-de-douane\/droits-de-douane-les-etats-unis-et-l-union-europeenne-ont-conclu-un-accord-commercial-annoncent-donald-trump-et-ursula-von-der-leyen_7402498.html\" rel=\"nofollow noopener\" target=\"_blank\">avait \u00e9t\u00e9 conclu fin juillet<\/a>. Franceinfo vous explique cette d\u00e9cision et ses potentielles suites.<\/p>\n<p>Qu&rsquo;est-il reproch\u00e9 \u00e0 Google\u00a0?<\/p>\n<p>L&rsquo;amende inflig\u00e9e \u00e0 Google s&rsquo;inscrit dans le cadre <a href=\"https:\/\/eur-lex.europa.eu\/legal-content\/FR\/TXT\/HTML\/?uri=CELEX:12008E102\" target=\"_blank\" rel=\"noopener nofollow\">de l&rsquo;article 102 sur le fonctionnement de l&rsquo;UE<\/a>, qui pr\u00e9voit que \u00ab\u00a0le fait pour une ou plusieurs entreprises d&rsquo;exploiter de fa\u00e7on abusive une position dominante sur le march\u00e9 int\u00e9rieur ou dans une partie substantielle de celui-ci\u00a0\u00bb est \u00ab\u00a0incompatible\u00a0\u00bb avec ce m\u00eame march\u00e9, \u00ab\u00a0dans la mesure o\u00f9 le commerce entre Etats membres est susceptible d&rsquo;en \u00eatre affect\u00e9\u00a0\u00bb.<\/p>\n<p>Une enqu\u00eate avait \u00e9t\u00e9 ouverte en juin 2021, \u00e0 l&rsquo;initiative du Conseil des \u00e9diteurs europ\u00e9ens (EPC). Cette organisation, qui repr\u00e9sente les int\u00e9r\u00eats de plusieurs \u00e9diteurs de presse europ\u00e9ens, reproche \u00e0 Google d&rsquo;avoir enfreint les r\u00e8gles de concurrence en favorisant ses propres services de publicit\u00e9 display en ligne au d\u00e9triment des plus petits \u00e9diteurs, annonceurs et services publicitaires concurrents.\u00a0Ces publicit\u00e9s se pr\u00e9sentent comme des banni\u00e8res et du texte qui apparaissent sur les sites web et sont personnalis\u00e9s en fonction de l&rsquo;historique de navigation de l&rsquo;internaute.<\/p>\n<p>Dans <a href=\"https:\/\/www.epceurope.eu\/post\/european-commission-publishes-their-decision-on-the-google-ad-tech-investigation-epc-calls-for-stro\" target=\"_blank\" rel=\"noopener nofollow\">un communiqu\u00e9<\/a>, le Conseil des \u00e9diteurs europ\u00e9ens a estim\u00e9 que seule une cession de ces activit\u00e9s publicitaires pourrait mettre fin aux entraves \u00e0 la concurrence commises par Google. Dans sa d\u00e9cision, la Commission europ\u00e9enne n&rsquo;a pas ordonn\u00e9 une telle scission du groupe. Elle n&rsquo;exclut toutefois pas d&rsquo;y recourir si les engagements du groupe pour rem\u00e9dier aux atteintes \u00e0 la concurrence ne lui convenaient pas. Elle a donn\u00e9 60 jours \u00e0 Google pour lui r\u00e9pondre sur ce point.<\/p>\n<p>Est-ce la premi\u00e8re condamnation de Google\u00a0?<\/p>\n<p>Non, ce n&rsquo;est pas la premi\u00e8re fois que la Commission europ\u00e9enne, gendarme de la concurrence dans l&rsquo;UE, prononce une sanction contre le g\u00e9ant am\u00e9ricain de la tech. En 2018, elle lui avait inflig\u00e9 une amende de 4,1 milliards d&rsquo;euros pour abus de position dominante du syst\u00e8me d&rsquo;exploitation Android et une autre de 2,4 milliards d&rsquo;euros en 2017 pour pratiques anticoncurrentielles sur le march\u00e9 des comparateurs de prix.<\/p>\n<p>La firme en est par ailleurs \u00e0 sa troisi\u00e8me amende prononc\u00e9e cette semaine. Elle a \u00e9t\u00e9 condamn\u00e9e mercredi aux Etats-Unis \u00e0 verser 425,7 millions de dollars (363 millions d&rsquo;euros) de dommages \u00e0 pr\u00e8s de 100 millions d&rsquo;utilisateurs pour atteinte \u00e0 leur vie priv\u00e9e, selon la d\u00e9cision d&rsquo;un jury d&rsquo;une cour f\u00e9d\u00e9rale de San Francisco. Le m\u00eame jour, Google a \u00e9cop\u00e9 d&rsquo;<a href=\"https:\/\/www.franceinfo.fr\/internet\/google\/google-condamne-en-france-a-une-amende-record-de-325-millions-d-euros-pour-des-manquements-en-matiere-de-publicites-et-de-cookies_7471276.html\" rel=\"nofollow noopener\" target=\"_blank\">une amende record de 325 millions d&rsquo;euros<\/a> inflig\u00e9e par l&rsquo;autorit\u00e9 fran\u00e7aise de contr\u00f4le du respect de la vie priv\u00e9e (Cnil) pour des manquements en mati\u00e8re de publicit\u00e9s et de cookies.<\/p>\n<p>Le groupe va devoir aussi rendre des comptes dans le m\u00eame domaine aux Etats-Unis prochainement. Dans une affaire lanc\u00e9e devant un tribunal f\u00e9d\u00e9ral de Virginie en janvier 2023, le minist\u00e8re de la Justice reproche \u00e0 Google d&rsquo;avoir cr\u00e9\u00e9 un monopole sur la publicit\u00e9 num\u00e9rique \u00e0 travers des acquisitions strat\u00e9giques et des pratiques anticoncurrentielles. La sanction de la justice am\u00e9ricaine est encore en cours d&rsquo;examen, avec des audiences pr\u00e9vues fin septembre.<\/p>\n<p>Le g\u00e9ant am\u00e9ricain va-t-il payer cette amende imm\u00e9diatement\u00a0?<\/p>\n<p>Dans une d\u00e9claration \u00e0 l&rsquo;AFP, Google a critiqu\u00e9 cette sanction de Bruxelles et annonc\u00e9 son intention de faire appel devant la Cour de justice europ\u00e9enne.\u00a0\u00ab\u00a0La d\u00e9cision de la Commission europ\u00e9enne \u00e0 propos de nos services Adtech est mauvaise et nous en ferons appel. Elle nous impose une amende injustifi\u00e9e et des changements qui vont nuire \u00e0 des milliers d&rsquo;entreprises europ\u00e9ennes en leur compliquant la t\u00e2che pour gagner de l&rsquo;argent\u00a0\u00bb, a d\u00e9clar\u00e9 Lee-Anne Mulholland, vice-pr\u00e9sidente de Google charg\u00e9e des affaires r\u00e9glementaires.<\/p>\n<blockquote class=\"ftvi_content_quote\">\n<p class=\"ftvi_citation_quote\">\u00ab\u00a0Il n&rsquo;y a rien d&rsquo;anticoncurrentiel \u00e0 fournir des services aux acheteurs et aux vendeurs d&rsquo;annonces, et il existe plus d&rsquo;alternatives \u00e0 nos services que jamais auparavant.\u00a0\u00bb<\/p>\n<p>Lee-Anne Mulholland, vice-pr\u00e9sidente de Google<\/p>\n<p class=\"ftvi_citation_source\">cit\u00e9e par l&rsquo;AFP<\/p>\n<\/blockquote>\n<p>En raison de cet appel, l&rsquo;entreprise n&rsquo;a pas \u00e0 verser des fonds pour l&rsquo;instant. Si la justice europ\u00e9enne confirme l&rsquo;amende, celle-ci devra \u00eatre r\u00e9gl\u00e9e \u00e0 la Commission et sera directement vers\u00e9e au budget de l&rsquo;UE, comme l&rsquo;explique l&rsquo;institution\u00a0<a href=\"https:\/\/competition-policy.ec.europa.eu\/index\/fines_en#:~:text=Fines%20imposed%20on%20undertakings%20found,following%20year%20are%20reduced%20accordingly.\" target=\"_blank\" rel=\"noopener nofollow\">sur son site<\/a>. \u00ab\u00a0Les contributions des Etats membres au budget de l&rsquo;UE pour l&rsquo;ann\u00e9e suivante seront r\u00e9duites en cons\u00e9quence, pr\u00e9cise la Commission. Les amendes contribuent donc au financement de l&rsquo;UE et all\u00e8gent la charge des contribuables.\u00a0\u00bb Dans le cas o\u00f9 les sommes ne seraient pas r\u00e9gl\u00e9es, la Commission europ\u00e9enne saisirait la justice europ\u00e9enne.<\/p>\n<p>Cette d\u00e9cision risque-t-elle de remettre en cause l&rsquo;accord sur les droits de douane\u00a0?\u00a0<\/p>\n<p>C&rsquo;est ce que redoutent les Europ\u00e9ens et c&rsquo;est pourquoi la Commission a rendu cette d\u00e9cision apr\u00e8s une semaine d&rsquo;atermoiements. \u00ab\u00a0C&rsquo;est une sanction qu&rsquo;elle a voulu imposer discr\u00e8tement mais 3 milliards d&rsquo;euros, c&rsquo;est consid\u00e9rable. C&rsquo;est de nature \u00e0 relancer la guerre commerciale\u00a0\u00bb avec les Etats-Unis, a estim\u00e9 Patrick Martin-Genier, enseignant \u00e0 Sciences-Po et sp\u00e9cialiste des questions europ\u00e9ennes.<\/p>\n<p>    <img decoding=\"async\" class=\"francetv-player-wrapper__image\" alt=\"\"  width=\"432\" height=\"243\" src=\"https:\/\/www.europesays.com\/fr\/wp-content\/uploads\/2025\/09\/https:\/\/assets.webservices.francetelevisions.fr\/v1\/assets\/images\/90\/cb\/3e\/0ead6801-0d12-437c-9c66-60.jpeg\" fetchpriority=\"high\"\/><\/p>\n<p>      6min<\/p>\n<p>La r\u00e9action de Donald Trump ne s&rsquo;est pas fait attendre. Le pr\u00e9sident am\u00e9ricain, qui avait d\u00e9j\u00e0 vigoureusement attaqu\u00e9 fin ao\u00fbt les pays ou organisations r\u00e9gulant le secteur de la tech, a protest\u00e9 vendredi sur son r\u00e9seau Truth Social. \u00ab\u00a0L&rsquo;Union europ\u00e9enne doit IMMEDIATEMENT arr\u00eater ces pratiques contre les entreprises am\u00e9ricaines\u00a0\u00bb, a-t-il lanc\u00e9, assurant que si l&rsquo;UE ne revenait pas sur les amendes \u00ab\u00a0injustes\u00a0\u00bb inflig\u00e9es \u00e0 Google mais aussi \u00e0 Apple, il serait \u00ab\u00a0contraint\u00a0\u00bb de d\u00e9clencher un m\u00e9canisme de droits de douane punitifs, la \u00ab\u00a0Section 301\u00a0\u00bb. Issue de la loi am\u00e9ricaine sur le commerce en 1974, elle autorise les Etats-Unis \u00e0 prendre des sanctions unilat\u00e9rales contre d&rsquo;autres pays en cas de diff\u00e9rends commerciaux.\u00a0<\/p>\n<p>Cette r\u00e9action de l&rsquo;\u00e9lu r\u00e9publicain de 79 ans peut surprendre, dans la mesure o\u00f9 la justice am\u00e9ricaine elle-m\u00eame estime que Google maintient ill\u00e9galement un monopole sur la publicit\u00e9 num\u00e9rique.\u00a0Mais Donald Trump a pris fait et cause pour les poids lourds de la tech am\u00e9ricaine, qui se sont massivement ralli\u00e9s \u00e0 lui depuis son retour au pouvoir. Les patrons de Google, Sundar Pichai, et d&rsquo;Apple, Tim Cook, ont d&rsquo;ailleurs particip\u00e9 jeudi soir \u00e0 un d\u00eener \u00e0 la Maison Blanche.<\/p>\n<p>Selon Patrick Martin-Genier, \u00ab\u00a0la Commission a pris cette sanction en sachant que certains dirigeants europ\u00e9ens seraient g\u00ean\u00e9s voire hostiles\u00a0\u00bb, en raison des possibles repr\u00e9sailles am\u00e9ricaines. Et de citer le secteur automobile allemand ou de la vigne fran\u00e7aise, qui pourraient faire les frais de cette d\u00e9cision.<\/p>\n<blockquote class=\"ftvi_content_quote\">\n<p class=\"ftvi_citation_quote\">\u00ab\u00a0Demain, ce qui nous guette, ce n&rsquo;est pas 15%, mais 30 ou 40 voire 100% de droits de douane.\u00a0\u00bb<\/p>\n<p>Patrick Martin-Genier, sp\u00e9cialiste des questions europ\u00e9ennes<\/p>\n<p class=\"ftvi_citation_source\">\u00e0 franceinfo<\/p>\n<\/blockquote>\n<p>Une menace \u00ab\u00a0inacceptable\u00a0\u00bb, juge Sandro Gozi, eurod\u00e9put\u00e9 Renew et secr\u00e9taire g\u00e9n\u00e9ral du Parti d\u00e9mocrate europ\u00e9en. Auteur d&rsquo;une tribune <a href=\"https:\/\/www.lemonde.fr\/idees\/article\/2025\/09\/05\/sandro-gozi-eurodepute-nous-devons-montrer-aux-citoyens-que-nous-pouvons-nous-opposer-au-pouvoir-demesure-des-big-tech_6639063_3232.html\" target=\"_blank\" rel=\"noopener nofollow\">parue vendredi dans Le Monde<\/a>, il estime <a href=\"https:\/\/www.franceinfo.fr\/internet\/google\/amende-contre-google-l-eurodepute-renew-sandro-gozi-juge-inacceptable-la-menace-de-represailles-de-donald-trump-contre-l-union-europeenne_7476670.html\" rel=\"nofollow noopener\" target=\"_blank\">sur franceinfo<\/a> que les g\u00e9ants du num\u00e9rique \u00ab\u00a0utilisent le pr\u00e9sident Trump contre l&rsquo;Europe\u00a0\u00bb. \u00ab\u00a0Ils sont tr\u00e8s int\u00e9ress\u00e9s\u00a0\u00bb par \u00ab\u00a0notre march\u00e9\u00a0\u00bb, mais \u00ab\u00a0ils voudraient le faire sans r\u00e8gles, explique Sandro Gozi. Ils voudraient le Far West en Europe, ceci n&rsquo;est pas possible.\u00a0\u00bb<\/p>\n","protected":false},"excerpt":{"rendered":"La Commission europ\u00e9enne a estim\u00e9 que le g\u00e9ant am\u00e9ricain de la tech avait abus\u00e9 de sa position dominante&hellip;\n","protected":false},"author":2,"featured_media":372157,"comment_status":"","ping_status":"","sticky":false,"template":"","format":"standard","meta":{"footnotes":""},"categories":[1586],"tags":[11,1777,674,1779,1011,27,12,25,1778,364],"class_list":{"0":"post-372156","1":"post","2":"type-post","3":"status-publish","4":"format-standard","5":"has-post-thumbnail","7":"category-europe","8":"tag-actualites","9":"tag-eu","10":"tag-europe","11":"tag-european-union","12":"tag-fr","13":"tag-france","14":"tag-news","15":"tag-republique-francaise","16":"tag-ue","17":"tag-union-europeenne"},"share_on_mastodon":{"url":"https:\/\/pubeurope.com\/@fr\/115161028715072042","error":""},"_links":{"self":[{"href":"https:\/\/www.europesays.com\/fr\/wp-json\/wp\/v2\/posts\/372156","targetHints":{"allow":["GET"]}}],"collection":[{"href":"https:\/\/www.europesays.com\/fr\/wp-json\/wp\/v2\/posts"}],"about":[{"href":"https:\/\/www.europesays.com\/fr\/wp-json\/wp\/v2\/types\/post"}],"author":[{"embeddable":true,"href":"https:\/\/www.europesays.com\/fr\/wp-json\/wp\/v2\/users\/2"}],"replies":[{"embeddable":true,"href":"https:\/\/www.europesays.com\/fr\/wp-json\/wp\/v2\/comments?post=372156"}],"version-history":[{"count":0,"href":"https:\/\/www.europesays.com\/fr\/wp-json\/wp\/v2\/posts\/372156\/revisions"}],"wp:featuredmedia":[{"embeddable":true,"href":"https:\/\/www.europesays.com\/fr\/wp-json\/wp\/v2\/media\/372157"}],"wp:attachment":[{"href":"https:\/\/www.europesays.com\/fr\/wp-json\/wp\/v2\/media?parent=372156"}],"wp:term":[{"taxonomy":"category","embeddable":true,"href":"https:\/\/www.europesays.com\/fr\/wp-json\/wp\/v2\/categories?post=372156"},{"taxonomy":"post_tag","embeddable":true,"href":"https:\/\/www.europesays.com\/fr\/wp-json\/wp\/v2\/tags?post=372156"}],"curies":[{"name":"wp","href":"https:\/\/api.w.org\/{rel}","templated":true}]}}