{"id":372159,"date":"2025-09-07T04:04:17","date_gmt":"2025-09-07T04:04:17","guid":{"rendered":"https:\/\/www.europesays.com\/fr\/372159\/"},"modified":"2025-09-07T04:04:17","modified_gmt":"2025-09-07T04:04:17","slug":"adele-haenel-sur-le-point-de-partir-pour-gaza-je-prends-mes-responsabilites-a-mon-niveau-telerama","status":"publish","type":"post","link":"https:\/\/www.europesays.com\/fr\/372159\/","title":{"rendered":"Ad\u00e8le Haenel, sur le point de partir pour Gaza : \u201cJe prends mes responsabilit\u00e9s \u00e0 mon niveau\u201d &#8211; T\u00e9l\u00e9rama"},"content":{"rendered":"<ol>\n<li><a href=\"https:\/\/news.google.com\/rss\/articles\/CBMi2gFBVV95cUxNUTVZcXVobEVLLWxpMUZYejdMYlB2bkI4cGJrNGgwU0MyRVE1cXVYUmtibjVEVG56N0E3TFp2a2JXajZWdFNVUkF3SzJHT3VxaGMxdWFXcTVTTVpobHBzMFJHa054WEwzeEV4OFMzdFFRZGgtazVWWnY0dnRucWtsNkY5TmcwYmFpTGE3TGxsd2R6Z2Z2N0NJdGtWOGQzTGFsdGk3enlOTlVPbHpMUi1hbC16Q21xSDJmM0t0aUNjUmllSTAzLU5yVnVnZUc3TnZJVjVLcEZEd0Fkdw?oc=5\" target=\"_blank\" rel=\"nofollow noopener\">Ad\u00e8le Haenel, sur le point de partir pour Gaza : \u201cJe prends mes responsabilit\u00e9s \u00e0 mon niveau\u201d<\/a>&nbsp;&nbsp;T\u00e9l\u00e9rama<\/li>\n<li><a href=\"https:\/\/news.google.com\/rss\/articles\/CBMi3AFBVV95cUxPOWk2YVJUU1RwT2x2eEtQbXVXRG9NblZIc1htYkxNZWdtQ21lRk9MOTNTVjdGc1hHZlhIT1JMRXNKc3ZVVkhnem13a3FYRkxuMTgtb2QzMHdfOUZPbDlxekFaaDcwTS1KWl8xMkZENWtNb09MZkRiaXJGSHBIbncya1BYWWQwM3pzc25wZmlQR3FkdUlSWlh2cnV4NnpIUHVIMEdKMTlmbkN1YmlrQ3h0NWxNUllVNHd4ZnpMZDZaNmZnUlNfaW9tbThUUm1mQy10V1Y4RmczRzdEazF1?oc=5\" target=\"_blank\" rel=\"nofollow noopener\">Le d\u00e9part de Tunisie de la flottille pour Gaza \u00e0 nouveau report\u00e9<\/a>&nbsp;&nbsp;BFMTV<\/li>\n<li><a href=\"https:\/\/news.google.com\/rss\/articles\/CBMiigJBVV95cUxOaXF5R2VpeE9jeEEtVG5INWdnU1RRdDdSVDhmb0FJTC1NTnFrVHA5SF8xdHVab3Mya3FzRDVVaHc1SXJUOWxVaTlWSUhuY1pZb2NLZ25RY052UEpMZDZvMG00bkduckQyX2sxcktlbGM4QVFQZndSa3ZMblhjVUltd1dKVnBncnZvTmp6czI2RDRiNzhsOWRPOS1IM01ZZmFIb3NVa2JnWGV2d2JzelZlTnQzWmdGTmZfeUs4dWRzdllxVHBBc09xTlk4UHl3a040cWIyVlZReEhUcVlUTHRLNWFGenQ4MUY5a05YTm45a0pvdGtWSk9JQXJPVjFQTkREdXA2cFk1TWp0dw?oc=5\" target=\"_blank\" rel=\"nofollow noopener\">\u00ab\u00a0On veut faire respecter le droit international\u00a0\u00bb : Pourquoi le d\u00e9put\u00e9 LFI Fran\u00e7ois Piquemal va embarquer dans une flottille pour Gaza<\/a>&nbsp;&nbsp;ladepeche.fr<\/li>\n<li><a href=\"https:\/\/news.google.com\/rss\/articles\/CBMiuAFBVV95cUxQRVJ1ZkY2SW5tZTdaNDlDTXMtYTNuZURvTzF2NzVNR05hUTBnYkNKb3VSb0hxdllxUFJHZVFMdGxld0JjSUgxaGdydUQxalRHTFJCRVk3RTRzelN2S0xpTkxoWFpqejlwbno2ZEEyWWlzN0lSdnhnVnlDcHRiakJ4OEVFR2V1bE04NDBaQXpVWnZQSm1sc0FGSGlpajM1WkpQZXcxNHBFLVVQVnZwYk5HQ3JRZDBvRkVk?oc=5\" target=\"_blank\" rel=\"nofollow noopener\">Flottille pour Gaza : quel r\u00f4le de l&rsquo;Afrique dans ce convoi humanitaire ?<\/a>&nbsp;&nbsp;tv5monde<\/li>\n<li><a href=\"https:\/\/news.google.com\/rss\/articles\/CBMitAFBVV95cUxNTm41SHB5T1RzV2lEUS1xRWZSZDc5YW5DemZ5cG0xSXlpU1ZSbUtiUlBVZzJ6VG9ESFo1emVjdXIxa1VKY2t1aXliMUhTa2xaOXBzYXBETVVPMTVoVHdsLUNmZThab1lVSVd5cndGdm9CcjBqbjBlZmJ1WFJSSXNuQTdpMlhSaUVTWHNtWEF3T0pqZzN5ZWRPaGVPZURiQmdFNVF4cFAyOHA3SFhhMTFqSjZZek4?oc=5\" target=\"_blank\" rel=\"nofollow noopener\">Un petit-fils de Nelson Mandela va se joindre \u00e0 la flottille pour Gaza<\/a>&nbsp;&nbsp;Le Figaro<\/li>\n<\/ol>\n","protected":false},"excerpt":{"rendered":"Ad\u00e8le Haenel, sur le point de partir pour Gaza : \u201cJe prends mes responsabilit\u00e9s \u00e0 mon niveau\u201d&nbsp;&nbsp;T\u00e9l\u00e9rama Le&hellip;\n","protected":false},"author":2,"featured_media":372160,"comment_status":"","ping_status":"","sticky":false,"template":"","format":"standard","meta":{"footnotes":""},"categories":[2],"tags":[11,1011,27,12,25],"class_list":{"0":"post-372159","1":"post","2":"type-post","3":"status-publish","4":"format-standard","5":"has-post-thumbnail","7":"category-actualites","8":"tag-actualites","9":"tag-fr","10":"tag-france","11":"tag-news","12":"tag-republique-francaise"},"share_on_mastodon":{"url":"https:\/\/pubeurope.com\/@fr\/115161036436036475","error":""},"_links":{"self":[{"href":"https:\/\/www.europesays.com\/fr\/wp-json\/wp\/v2\/posts\/372159","targetHints":{"allow":["GET"]}}],"collection":[{"href":"https:\/\/www.europesays.com\/fr\/wp-json\/wp\/v2\/posts"}],"about":[{"href":"https:\/\/www.europesays.com\/fr\/wp-json\/wp\/v2\/types\/post"}],"author":[{"embeddable":true,"href":"https:\/\/www.europesays.com\/fr\/wp-json\/wp\/v2\/users\/2"}],"replies":[{"embeddable":true,"href":"https:\/\/www.europesays.com\/fr\/wp-json\/wp\/v2\/comments?post=372159"}],"version-history":[{"count":0,"href":"https:\/\/www.europesays.com\/fr\/wp-json\/wp\/v2\/posts\/372159\/revisions"}],"wp:featuredmedia":[{"embeddable":true,"href":"https:\/\/www.europesays.com\/fr\/wp-json\/wp\/v2\/media\/372160"}],"wp:attachment":[{"href":"https:\/\/www.europesays.com\/fr\/wp-json\/wp\/v2\/media?parent=372159"}],"wp:term":[{"taxonomy":"category","embeddable":true,"href":"https:\/\/www.europesays.com\/fr\/wp-json\/wp\/v2\/categories?post=372159"},{"taxonomy":"post_tag","embeddable":true,"href":"https:\/\/www.europesays.com\/fr\/wp-json\/wp\/v2\/tags?post=372159"}],"curies":[{"name":"wp","href":"https:\/\/api.w.org\/{rel}","templated":true}]}}