{"id":372161,"date":"2025-09-07T04:05:14","date_gmt":"2025-09-07T04:05:14","guid":{"rendered":"https:\/\/www.europesays.com\/fr\/372161\/"},"modified":"2025-09-07T04:05:14","modified_gmt":"2025-09-07T04:05:14","slug":"onet-le-chateau-familles-de-france-a-enquete-sur-le-cout-de-la-rentree-scolaire","status":"publish","type":"post","link":"https:\/\/www.europesays.com\/fr\/372161\/","title":{"rendered":"Onet-le-Ch\u00e2teau. Familles de France a enqu\u00eat\u00e9 sur le co\u00fbt de la rentr\u00e9e scolaire"},"content":{"rendered":"<p>Comme chaque ann\u00e9e depuis 40 ans, Familles de France a publi\u00e9 r\u00e9cemment son enqu\u00eate nationale sur le co\u00fbt de la rentr\u00e9e scolaire.<\/p>\n<p>Le prix moyen des fournitures pour un \u00e9l\u00e8ve entrant en 6e\u1d49 s\u2019\u00e9l\u00e8ve \u00e0 211,10 \u20ac, soit une baisse de 5,53 % par rapport \u00e0 2024. Cette diminution se fait sentir sur tous les postes de d\u00e9penses : papeterie, fournitures et articles de sport, ces derniers enregistrant le recul le plus fort avec \u2013 8,59 %.<\/p>\n<p>Selon Familles de France, cette baisse r\u00e9sulte d\u2019un contexte \u00e9conomique particulier, mais plus stable (inflation contenue autour de 1 %, l\u00e9g\u00e8re baisse des co\u00fbts de l\u2019\u00e9nergie et du transport, d\u00e9tente sur les mati\u00e8res premi\u00e8res\u2026), mais refl\u00e8te \u00e9galement une \u00e9volution des comportements d\u2019achat : anticipation, comparaisons, recherche de promotions et r\u00e9duction du gaspillage\u2026 En Aveyron, l\u2019association \u00ab\u00a0Familles de France\u00a0\u00bb a men\u00e9 ses enqu\u00eates fin juillet-d\u00e9but ao\u00fbt dans les principaux hypers, supermarch\u00e9s et magasins sp\u00e9cialis\u00e9s du d\u00e9partement o\u00f9 les relev\u00e9s de prix sont assez comparables avec ceux du national (hyper \u2013 8 %, super \u2013 3 %, magasins sp\u00e9cialis\u00e9s \u2013 4,7 %, achats en ligne \u2013 3,8 %).<\/p>\n<p>Prochaines actions<\/p>\n<p>Familles de France renouvelle ses s\u00e9ances mensuelles de pr\u00e9vention alimentaire Sant\u00e9 Alimentation, qui reprendront mercredi 17 septembre sur les produits laitiers (au Centre social \u2013 maison de quartier Saint-Eloi) o\u00f9 l\u2019entr\u00e9e est libre de 18 heures \u00e0 19 h 45.<\/p>\n<p>Enfin, la traditionnelle bourse aux v\u00eatements et jouets aura lieu les samedi 4 et dimanche 5 octobre de 10 heures \u00e0 18 heures en continu, pour la 2e ann\u00e9e cons\u00e9cutive, \u00e0 l\u2019Athyrium (r\u00e9servations \u00e0 partir du lundi 29 septembre au 06 86 93 62 14 ou 06 37 47 06 76).<\/p>\n","protected":false},"excerpt":{"rendered":"Comme chaque ann\u00e9e depuis 40 ans, Familles de France a publi\u00e9 r\u00e9cemment son enqu\u00eate nationale sur le co\u00fbt&hellip;\n","protected":false},"author":2,"featured_media":372162,"comment_status":"","ping_status":"","sticky":false,"template":"","format":"standard","meta":{"footnotes":""},"categories":[4],"tags":[11,1011,27,12,25],"class_list":{"0":"post-372161","1":"post","2":"type-post","3":"status-publish","4":"format-standard","5":"has-post-thumbnail","7":"category-france","8":"tag-actualites","9":"tag-fr","10":"tag-france","11":"tag-news","12":"tag-republique-francaise"},"share_on_mastodon":{"url":"https:\/\/pubeurope.com\/@fr\/115161040319493451","error":""},"_links":{"self":[{"href":"https:\/\/www.europesays.com\/fr\/wp-json\/wp\/v2\/posts\/372161","targetHints":{"allow":["GET"]}}],"collection":[{"href":"https:\/\/www.europesays.com\/fr\/wp-json\/wp\/v2\/posts"}],"about":[{"href":"https:\/\/www.europesays.com\/fr\/wp-json\/wp\/v2\/types\/post"}],"author":[{"embeddable":true,"href":"https:\/\/www.europesays.com\/fr\/wp-json\/wp\/v2\/users\/2"}],"replies":[{"embeddable":true,"href":"https:\/\/www.europesays.com\/fr\/wp-json\/wp\/v2\/comments?post=372161"}],"version-history":[{"count":0,"href":"https:\/\/www.europesays.com\/fr\/wp-json\/wp\/v2\/posts\/372161\/revisions"}],"wp:featuredmedia":[{"embeddable":true,"href":"https:\/\/www.europesays.com\/fr\/wp-json\/wp\/v2\/media\/372162"}],"wp:attachment":[{"href":"https:\/\/www.europesays.com\/fr\/wp-json\/wp\/v2\/media?parent=372161"}],"wp:term":[{"taxonomy":"category","embeddable":true,"href":"https:\/\/www.europesays.com\/fr\/wp-json\/wp\/v2\/categories?post=372161"},{"taxonomy":"post_tag","embeddable":true,"href":"https:\/\/www.europesays.com\/fr\/wp-json\/wp\/v2\/tags?post=372161"}],"curies":[{"name":"wp","href":"https:\/\/api.w.org\/{rel}","templated":true}]}}