{"id":372163,"date":"2025-09-07T04:08:17","date_gmt":"2025-09-07T04:08:17","guid":{"rendered":"https:\/\/www.europesays.com\/fr\/372163\/"},"modified":"2025-09-07T04:08:17","modified_gmt":"2025-09-07T04:08:17","slug":"un-pilier-francais-signe-en-allemagne","status":"publish","type":"post","link":"https:\/\/www.europesays.com\/fr\/372163\/","title":{"rendered":"Un pilier Fran\u00e7ais signe en Allemagne !"},"content":{"rendered":"<p>C\u2019est un joli coup que vient de r\u00e9aliser <strong>Frankfurt 1880<\/strong>. Le champion d\u2019Allemagne en titre, sacr\u00e9 depuis cinq saisons cons\u00e9cutives, a convaincu <strong>Sami Mavinga<\/strong>, pilier droit fran\u00e7ais de 32 ans, de rejoindre la Bundesliga.<\/p>\n<p>Il arrive en provenance des Ealing Trailfinders, avec qui il \u00e9voluait en Premiership.<\/p>\n<p><strong>Un parcours riche en exp\u00e9riences<\/strong><\/p>\n<p>N\u00e9 de parents angolais, Mavinga a \u00e9t\u00e9 form\u00e9 au LOU, o\u00f9 il a d\u00e9couvert l\u2019\u00e9lite. Il a ensuite poursuivi sa carri\u00e8re en Angleterre avec Newcastle (2017-2019), avant de revenir en Top 14 au Stade Fran\u00e7ais (2019-2021) puis \u00e0 Perpignan (2021-2022). Apr\u00e8s une saison \u00e0 Carcassonne puis une ann\u00e9e \u00e0 Londres avec Ealing, le pilier poursuit son p\u00e9riple en Allemagne.<\/p>\n<p><strong>Une pr\u00e9sentation marquante du club<\/strong><\/p>\n<p>Le SC 1880 a rappel\u00e9 l\u2019originalit\u00e9 des d\u00e9buts de sa nouvelle recrue :<\/p>\n<p>\u00ab La carri\u00e8re rugby de Sami a commenc\u00e9 d\u2019une mani\u00e8re bien particuli\u00e8re. \u00c0 l\u2019\u00e9cole primaire, son instituteur, M. Frety, grand passionn\u00e9 de rugby, avait remarqu\u00e9 sa puissance et son \u00e9nergie. En plein cours, il l\u2019a d\u00e9fi\u00e9 sur une m\u00eal\u00e9e en un contre un. Ce jour-l\u00e0 a marqu\u00e9 le d\u00e9but d\u2019une relation d\u00e9cisive : M. Frety est devenu son mentor, l\u2019a initi\u00e9 au rugby et a contribu\u00e9 \u00e0 faire de lui le joueur et l\u2019homme qu\u2019il est aujourd\u2019hui. \u00bb<\/p>\n<p><strong>L\u2019attente \u00e0 Francfort<\/strong><\/p>\n<p>Le club allemand compte sur son impact imm\u00e9diat :<\/p>\n<p>\u00ab Aujourd\u2019hui, Sami apporte son exp\u00e9rience, sa force et sa passion au SC 1880. Le club s\u2019impatiente d\u00e9j\u00e0 de le voir fouler la pelouse cette saison. \u00bb<\/p>\n<p>Frankfurt 1880 entame sa saison ce samedi 6 septembre avec l\u2019ambition de conserver son h\u00e9g\u00e9monie nationale, d\u00e9sormais renforc\u00e9e par l\u2019exp\u00e9rience du pilier fran\u00e7ais.<\/p>\n","protected":false},"excerpt":{"rendered":"C\u2019est un joli coup que vient de r\u00e9aliser Frankfurt 1880. Le champion d\u2019Allemagne en titre, sacr\u00e9 depuis cinq&hellip;\n","protected":false},"author":2,"featured_media":211654,"comment_status":"","ping_status":"","sticky":false,"template":"","format":"standard","meta":{"footnotes":""},"categories":[1416],"tags":[1011,27,479,1468,60],"class_list":{"0":"post-372163","1":"post","2":"type-post","3":"status-publish","4":"format-standard","5":"has-post-thumbnail","7":"category-rugby","8":"tag-fr","9":"tag-france","10":"tag-rugby","11":"tag-rugby-football","12":"tag-sports"},"share_on_mastodon":{"url":"https:\/\/pubeurope.com\/@fr\/115161052198339414","error":""},"_links":{"self":[{"href":"https:\/\/www.europesays.com\/fr\/wp-json\/wp\/v2\/posts\/372163","targetHints":{"allow":["GET"]}}],"collection":[{"href":"https:\/\/www.europesays.com\/fr\/wp-json\/wp\/v2\/posts"}],"about":[{"href":"https:\/\/www.europesays.com\/fr\/wp-json\/wp\/v2\/types\/post"}],"author":[{"embeddable":true,"href":"https:\/\/www.europesays.com\/fr\/wp-json\/wp\/v2\/users\/2"}],"replies":[{"embeddable":true,"href":"https:\/\/www.europesays.com\/fr\/wp-json\/wp\/v2\/comments?post=372163"}],"version-history":[{"count":0,"href":"https:\/\/www.europesays.com\/fr\/wp-json\/wp\/v2\/posts\/372163\/revisions"}],"wp:featuredmedia":[{"embeddable":true,"href":"https:\/\/www.europesays.com\/fr\/wp-json\/wp\/v2\/media\/211654"}],"wp:attachment":[{"href":"https:\/\/www.europesays.com\/fr\/wp-json\/wp\/v2\/media?parent=372163"}],"wp:term":[{"taxonomy":"category","embeddable":true,"href":"https:\/\/www.europesays.com\/fr\/wp-json\/wp\/v2\/categories?post=372163"},{"taxonomy":"post_tag","embeddable":true,"href":"https:\/\/www.europesays.com\/fr\/wp-json\/wp\/v2\/tags?post=372163"}],"curies":[{"name":"wp","href":"https:\/\/api.w.org\/{rel}","templated":true}]}}