{"id":372164,"date":"2025-09-07T04:09:16","date_gmt":"2025-09-07T04:09:16","guid":{"rendered":"https:\/\/www.europesays.com\/fr\/372164\/"},"modified":"2025-09-07T04:09:16","modified_gmt":"2025-09-07T04:09:16","slug":"cotes-darmor-a-penvenan-les-courts-de-tennis-exterieurs-monopolises-par-les-estivants","status":"publish","type":"post","link":"https:\/\/www.europesays.com\/fr\/372164\/","title":{"rendered":"C\u00f4tes-d&rsquo;Armor. A Penv\u00e9nan, les courts de tennis ext\u00e9rieurs monopolis\u00e9s par les estivants\u00a0?"},"content":{"rendered":"<p>            Par<br \/>\n        <strong><br \/>\n            <a href=\"https:\/\/actu.fr\/auteur\/journaliste-lt\" title=\"Consulter tous les articles de R\u00e9daction Lannion\" rel=\"nofollow noopener\" target=\"_blank\">R\u00e9daction Lannion<\/a><br \/>\n        <\/strong><\/p>\n<p>        Publi\u00e9 le<\/p>\n<p>            6 sept. 2025 \u00e0 18h47        <\/p>\n<p>L\u2019assembl\u00e9e g\u00e9n\u00e9rale du<b> club de tennis de Penv\u00e9nan (C\u00f4tes-d\u2019Armor) <\/b>\u00e9tait d\u2019ambiance morose, derni\u00e8rement, malgr\u00e9 un nombre d\u2019adh\u00e9rents stable par rapport \u00e0 l\u2019ann\u00e9e pr\u00e9c\u00e9dente et un tournoi qui vient de s\u2019achever et a su trouver son public.<\/p>\n<p class=\" wall-content\">En effet, d\u00e8s le mois de juin et la fin des cours dispens\u00e9s par Jennifer Dupuis, les adh\u00e9rents ont du mal \u00e0 avoir acc\u00e8s tant aux courts int\u00e9rieurs occup\u00e9s par d\u2019autres sports ou Cap Armor qu\u2019aux courts ext\u00e9rieurs.<\/p>\n<p>\u00ab Risque de devoir faire demi-tour \u00bb<\/p>\n<p class=\" wall-content\">Et s\u2019il est bien normal que la halle des sports profite \u00e0 tous, il semble \u00e9tonnant que les 108\u00a0licenci\u00e9s du club trouvent difficilement acc\u00e8s aux<b> terrains ext\u00e9rieurs <\/b>qui ne sont r\u00e9gul\u00e9s par aucun planning de r\u00e9servation et qui sont souvent occup\u00e9s par <b>des vacanciers qui ne payent aucune location<\/b> comme cela est g\u00e9n\u00e9ralement le cas ailleurs.<\/p>\n<blockquote class=\"ac-article-quote wall-content\">\n<p>\u00ab Il n\u2019y a pas moyen de savoir si un terrain est libre et on vient jouer avec le risque de devoir faire demi-tour. \u00bb<\/p>\n<\/blockquote>\n<p class=\" wall-content\">Jean-Yves, adh\u00e9rent depuis 15\u00a0ans, a choisi de quitter l\u2019assembl\u00e9e g\u00e9n\u00e9rale sur des explications courtoises, mais franches : \u00ab C\u2019est insupportable, j\u2019ai l\u2019impression de prendre un abonnement pour six mois. Je suis d\u00e9sol\u00e9 de le faire, mais je n\u2019en peux plus, <b>ce n\u2019est pas juste<\/b>, ni moralement, ni sportivement. \u00bb Et, annon\u00e7ant sa prochaine inscription \u00e0 Perros-Guirec, qui fait payer un droit d\u2019acc\u00e8s \u00e0 ses terrains ext\u00e9rieurs, il a conclu :<\/p>\n<blockquote class=\"ac-article-quote wall-content\">\n<p>\u00ab Cela me fera plus loin, je n\u2019y aurai pas mes amis, mais je pourrai jouer au tennis. \u00bb<\/p>\n<\/blockquote>\n<p>Vid\u00e9os : en ce moment sur ActuPlus de 60 % du temps de la salle<\/p>\n<p class=\" wall-content\">Le pr\u00e9sident Benjamin Wingert, qui s\u2019est vu refuser par les services municipaux le droit \u00e0 installer un syst\u00e8me de r\u00e9servation et d\u2019acc\u00e8s aux courts ext\u00e9rieurs avec une bo\u00eete \u00e0 clef, a temporis\u00e9 en ce qui concerne la salle :<\/p>\n<blockquote class=\"ac-article-quote wall-content\">\n<p>\u00ab Nous b\u00e9n\u00e9ficions de plus de 60 % du temps d\u2019occupation de la salle et le planning int\u00e9rieur mis en place par Jennifer n\u2019est pas toujours respect\u00e9 par nos propres adh\u00e9rents. \u00bb<\/p>\n<\/blockquote>\n<p>Votre r\u00e9gion, votre actu !<\/p>\n<p>Recevez chaque jour les infos qui comptent pour vous.<\/p>\n<p>\t<a href=\"https:\/\/actu.fr\/newsletter\" class=\"ac-btn ac-btn--corner ac-btn--medium ac-btn--blue800\" rel=\"nofollow noopener\" target=\"_blank\">S&rsquo;incrire<\/a><\/p>\n<p>    <img   decoding=\"async\" loading=\"lazy\" class=\"size-large\" src=\"https:\/\/www.europesays.com\/fr\/wp-content\/uploads\/2025\/09\/e84c21a0eaa86e25c21a0eaa8475c2v-960x640.jpg\" alt=\"Rapha\u00eblle Missel, Benjamin Wingert et Marie-Pascale Ollivier.\" width=\"960\" height=\"640\"\/><br \/>\n    Rapha\u00eblle Missel, Benjamin Wingert et Marie-Pascale Ollivier. \u00a9H\u00e9l\u00e8ne Mugnier<\/p>\n<p class=\" wall-content\">Personnalisez votre actualit\u00e9 en ajoutant vos villes et m\u00e9dias en favori avec <a href=\"https:\/\/moncompte.actu.fr\" title=\"D\u00e9couvez Mon Actu\" rel=\"nofollow noopener\" data-trk=\"{&quot;cta&quot;:{&quot;action&quot;:&quot;https:\\\/\\\/moncompte.actu.fr&quot;,&quot;category&quot;:&quot;mon compte&quot;,&quot;from&quot;:&quot;article footer&quot;,&quot;name&quot;:&quot;Mon actu&quot;,&quot;type&quot;:&quot;cta&quot;}}\" target=\"_blank\">Mon Actu<\/a>.<\/p>\n","protected":false},"excerpt":{"rendered":"Par R\u00e9daction Lannion Publi\u00e9 le 6 sept. 2025 \u00e0 18h47 L\u2019assembl\u00e9e g\u00e9n\u00e9rale du club de tennis de Penv\u00e9nan&hellip;\n","protected":false},"author":2,"featured_media":372165,"comment_status":"","ping_status":"","sticky":false,"template":"","format":"standard","meta":{"footnotes":""},"categories":[1415],"tags":[1011,27,104,60,1467],"class_list":{"0":"post-372164","1":"post","2":"type-post","3":"status-publish","4":"format-standard","5":"has-post-thumbnail","7":"category-tennis","8":"tag-fr","9":"tag-france","10":"tag-societe","11":"tag-sports","12":"tag-tennis"},"share_on_mastodon":{"url":"https:\/\/pubeurope.com\/@fr\/115161056081088783","error":""},"_links":{"self":[{"href":"https:\/\/www.europesays.com\/fr\/wp-json\/wp\/v2\/posts\/372164","targetHints":{"allow":["GET"]}}],"collection":[{"href":"https:\/\/www.europesays.com\/fr\/wp-json\/wp\/v2\/posts"}],"about":[{"href":"https:\/\/www.europesays.com\/fr\/wp-json\/wp\/v2\/types\/post"}],"author":[{"embeddable":true,"href":"https:\/\/www.europesays.com\/fr\/wp-json\/wp\/v2\/users\/2"}],"replies":[{"embeddable":true,"href":"https:\/\/www.europesays.com\/fr\/wp-json\/wp\/v2\/comments?post=372164"}],"version-history":[{"count":0,"href":"https:\/\/www.europesays.com\/fr\/wp-json\/wp\/v2\/posts\/372164\/revisions"}],"wp:featuredmedia":[{"embeddable":true,"href":"https:\/\/www.europesays.com\/fr\/wp-json\/wp\/v2\/media\/372165"}],"wp:attachment":[{"href":"https:\/\/www.europesays.com\/fr\/wp-json\/wp\/v2\/media?parent=372164"}],"wp:term":[{"taxonomy":"category","embeddable":true,"href":"https:\/\/www.europesays.com\/fr\/wp-json\/wp\/v2\/categories?post=372164"},{"taxonomy":"post_tag","embeddable":true,"href":"https:\/\/www.europesays.com\/fr\/wp-json\/wp\/v2\/tags?post=372164"}],"curies":[{"name":"wp","href":"https:\/\/api.w.org\/{rel}","templated":true}]}}