{"id":372166,"date":"2025-09-07T04:11:13","date_gmt":"2025-09-07T04:11:13","guid":{"rendered":"https:\/\/www.europesays.com\/fr\/372166\/"},"modified":"2025-09-07T04:11:13","modified_gmt":"2025-09-07T04:11:13","slug":"gp-de-catalogne-barry-baltus-5e-des-qualifications-en-catalogne","status":"publish","type":"post","link":"https:\/\/www.europesays.com\/fr\/372166\/","title":{"rendered":"GP de Catalogne: Barry Baltus 5e des qualifications en Catalogne"},"content":{"rendered":"<p class=\"ap-StoryElement ap-StoryElement--mb ap-StoryText\">Holgado a pr\u00e9c\u00e9d\u00e9 le Britannique Jake Dixon, membre de l&rsquo;\u00e9quipe belge Elf Marc VDS Racing, de 80 milli\u00e8mes. L&rsquo;autre pensionnaire de l&rsquo;\u00e9curie de Marc Van der Straten, le Tch\u00e8que Filip Salac, s&rsquo;est qualifi\u00e9 en 7e position \u00e0 288 milli\u00e8mes.<\/p>\n<p class=\"ap-StoryElement ap-StoryElement--mb ap-StoryText\">Le N\u00e9erlandais Collin Veijer a compl\u00e9t\u00e9 le Top 3 devant l&rsquo;Espagnol Albert Arenas et Barry Baltus.<\/p>\n<p><a href=\"https:\/\/www.dhnet.be\/sports\/2025\/09\/06\/les-sports-moteurs-entre-dans-leur-phase-finale-bienvenue-dans-le-money-time-sur-ln24-5W4J43V7SRGU3H7EGGENKBUBMU\/\" target=\"_blank\" rel=\"noopener noreferrer\" class=\"ap-StoryInterstitialLink ap-StoryElement ap-StoryElement--mb\">Les sports moteurs entre dans leur phase finale: bienvenue dans le money time sur LN24 !<\/a><\/p>\n<p class=\"ap-StoryElement ap-StoryElement--mb ap-StoryText\">Les leaders du championnat sont en difficult\u00e9. L&rsquo;Espagnol Manuel Gonzalez, qui m\u00e8ne la comp\u00e9tition avec 25 points d&rsquo;avance sur son compatriote Aron Canet, n&rsquo;est cr\u00e9dit\u00e9 que du 12e temps. Canet s&rsquo;est pour sa part qualifi\u00e9 en 8e position.<\/p>\n<p class=\"ap-StoryElement ap-StoryElement--mb ap-StoryText\">Baltus avait sign\u00e9 le 2e chrono des premiers essais libres vendredi et le 13e du practice ce qui l&rsquo;a directement qualifi\u00e9 pour la Q2 samedi. Le matin il s&rsquo;\u00e9tait content\u00e9 du 21e chrono des troisi\u00e8mes et derniers essais libres.<\/p>\n<p class=\"ap-StoryElement ap-StoryElement--mb ap-StoryText\">Le d\u00e9part de la course de Moto2, long de 21 tours, sera donn\u00e9 dimanche \u00e0 Barcelone sur le coup de 12h15.<\/p>\n<p class=\"ap-StoryElement ap-StoryElement--mb ap-StoryText\">Baltus, 12e du pr\u00e9c\u00e9dent Grand Prix en Hongrie, occupe la 4e place du championnat (147 points) derri\u00e8re Gonzalez (204), Canet (179) et le Br\u00e9silien Diogo Moreira (173).<\/p>\n","protected":false},"excerpt":{"rendered":"Holgado a pr\u00e9c\u00e9d\u00e9 le Britannique Jake Dixon, membre de l&rsquo;\u00e9quipe belge Elf Marc VDS Racing, de 80 milli\u00e8mes.&hellip;\n","protected":false},"author":2,"featured_media":372167,"comment_status":"","ping_status":"","sticky":false,"template":"","format":"standard","meta":{"footnotes":""},"categories":[1413],"tags":[1011,27,1457,1456,35295,60],"class_list":{"0":"post-372166","1":"post","2":"type-post","3":"status-publish","4":"format-standard","5":"has-post-thumbnail","7":"category-moto","8":"tag-fr","9":"tag-france","10":"tag-moto","11":"tag-motocycle","12":"tag-motocyclisme","13":"tag-sports"},"share_on_mastodon":{"url":"https:\/\/pubeurope.com\/@fr\/115161063967526849","error":""},"_links":{"self":[{"href":"https:\/\/www.europesays.com\/fr\/wp-json\/wp\/v2\/posts\/372166","targetHints":{"allow":["GET"]}}],"collection":[{"href":"https:\/\/www.europesays.com\/fr\/wp-json\/wp\/v2\/posts"}],"about":[{"href":"https:\/\/www.europesays.com\/fr\/wp-json\/wp\/v2\/types\/post"}],"author":[{"embeddable":true,"href":"https:\/\/www.europesays.com\/fr\/wp-json\/wp\/v2\/users\/2"}],"replies":[{"embeddable":true,"href":"https:\/\/www.europesays.com\/fr\/wp-json\/wp\/v2\/comments?post=372166"}],"version-history":[{"count":0,"href":"https:\/\/www.europesays.com\/fr\/wp-json\/wp\/v2\/posts\/372166\/revisions"}],"wp:featuredmedia":[{"embeddable":true,"href":"https:\/\/www.europesays.com\/fr\/wp-json\/wp\/v2\/media\/372167"}],"wp:attachment":[{"href":"https:\/\/www.europesays.com\/fr\/wp-json\/wp\/v2\/media?parent=372166"}],"wp:term":[{"taxonomy":"category","embeddable":true,"href":"https:\/\/www.europesays.com\/fr\/wp-json\/wp\/v2\/categories?post=372166"},{"taxonomy":"post_tag","embeddable":true,"href":"https:\/\/www.europesays.com\/fr\/wp-json\/wp\/v2\/tags?post=372166"}],"curies":[{"name":"wp","href":"https:\/\/api.w.org\/{rel}","templated":true}]}}