{"id":372171,"date":"2025-09-07T04:14:09","date_gmt":"2025-09-07T04:14:09","guid":{"rendered":"https:\/\/www.europesays.com\/fr\/372171\/"},"modified":"2025-09-07T04:14:09","modified_gmt":"2025-09-07T04:14:09","slug":"lanecdote-hilarante-sur-le-transfert-de-trent-alexander-arnold-au-real-madrid","status":"publish","type":"post","link":"https:\/\/www.europesays.com\/fr\/372171\/","title":{"rendered":"L\u2019anecdote hilarante sur le transfert de Trent Alexander-Arnold au Real Madrid"},"content":{"rendered":"<p>Trent Alexander-Arnold a d\u00e9couvert de mani\u00e8re inattendue que son transfert vers le <a href=\"https:\/\/www.footmercato.net\/club\/real-madrid\/\" rel=\"nofollow noopener\" target=\"_blank\">Real Madrid<\/a> avait \u00e9t\u00e9 avanc\u00e9 de plusieurs semaines, alors que <a href=\"https:\/\/www.footmercato.net\/club\/liverpool\/\" rel=\"nofollow noopener\" target=\"_blank\">Liverpool<\/a> c\u00e9l\u00e9brait son titre de champion de Premier League. Initialement pr\u00e9vu comme un transfert gratuit \u00e0 l\u2019expiration de son contrat, le d\u00e9fenseur anglais a appris que <a href=\"https:\/\/www.footmercato.net\/a8518124812440044093-le-real-madrid-senflamme-deja-pour-ses-pepites\" rel=\"nofollow noopener\" target=\"_blank\">les g\u00e9ants espagnols avaient d\u00e9bours\u00e9 10 millions de livres sterling pour le recruter<\/a> plus t\u00f4t afin de participer \u00e0 la Coupe du Monde des Clubs de la FIFA. L\u2019information lui a \u00e9t\u00e9 communiqu\u00e9e par le directeur g\u00e9n\u00e9ral de Liverpool, Michael Edwards, ainsi que par le directeur sportif Richard Hughes et le pr\u00e9sident Mike Gordon, lors du d\u00e9fil\u00e9 de fin de saison en bus \u00e0 toit ouvert, selon The Mirror. Une annonce qui a surpris Alexander-Arnold, mais qui a permis au club de recevoir une compensation pour un joueur form\u00e9 \u00e0 l\u2019acad\u00e9mie depuis l\u2019\u00e2ge de six ans. <\/p>\n<p>            La suite apr\u00e8s cette publicit\u00e9<\/p>\n<p>Le Real Madrid, impatient de disposer de l\u2019arri\u00e8re droit pour le tournoi mondial, a jug\u00e9 que le co\u00fbt en valait la peine, <a href=\"https:\/\/www.footmercato.net\/a9152688584856991031-real-madrid-dani-carvajal-met-deja-trent-alexander-arnold-sous-pression\" rel=\"nofollow noopener\" target=\"_blank\">m\u00eame si le club espagnol n\u2019a atteint que les demi-finales<\/a>. Pour Liverpool, ce transfert repr\u00e9sente \u00e0 la fois une perte sportive et un petit soulagement financier. Les Reds se sont pench\u00e9s sur Jeremie Frimpong du Bayer Leverkusen pour combler le vide laiss\u00e9 par l\u2019international anglais. <\/p>\n<p>\n    Pub. le 07\/09\/2025 00:06<br \/>\n            &#8211; MAJ le 07\/09\/2025 05:51\n    <\/p>\n","protected":false},"excerpt":{"rendered":"Trent Alexander-Arnold a d\u00e9couvert de mani\u00e8re inattendue que son transfert vers le Real Madrid avait \u00e9t\u00e9 avanc\u00e9 de&hellip;\n","protected":false},"author":2,"featured_media":171764,"comment_status":"","ping_status":"","sticky":false,"template":"","format":"standard","meta":{"footnotes":""},"categories":[1410],"tags":[63,1011,27,60],"class_list":{"0":"post-372171","1":"post","2":"type-post","3":"status-publish","4":"format-standard","5":"has-post-thumbnail","7":"category-football","8":"tag-football","9":"tag-fr","10":"tag-france","11":"tag-sports"},"share_on_mastodon":{"url":"https:\/\/pubeurope.com\/@fr\/115161075754551184","error":""},"_links":{"self":[{"href":"https:\/\/www.europesays.com\/fr\/wp-json\/wp\/v2\/posts\/372171","targetHints":{"allow":["GET"]}}],"collection":[{"href":"https:\/\/www.europesays.com\/fr\/wp-json\/wp\/v2\/posts"}],"about":[{"href":"https:\/\/www.europesays.com\/fr\/wp-json\/wp\/v2\/types\/post"}],"author":[{"embeddable":true,"href":"https:\/\/www.europesays.com\/fr\/wp-json\/wp\/v2\/users\/2"}],"replies":[{"embeddable":true,"href":"https:\/\/www.europesays.com\/fr\/wp-json\/wp\/v2\/comments?post=372171"}],"version-history":[{"count":0,"href":"https:\/\/www.europesays.com\/fr\/wp-json\/wp\/v2\/posts\/372171\/revisions"}],"wp:featuredmedia":[{"embeddable":true,"href":"https:\/\/www.europesays.com\/fr\/wp-json\/wp\/v2\/media\/171764"}],"wp:attachment":[{"href":"https:\/\/www.europesays.com\/fr\/wp-json\/wp\/v2\/media?parent=372171"}],"wp:term":[{"taxonomy":"category","embeddable":true,"href":"https:\/\/www.europesays.com\/fr\/wp-json\/wp\/v2\/categories?post=372171"},{"taxonomy":"post_tag","embeddable":true,"href":"https:\/\/www.europesays.com\/fr\/wp-json\/wp\/v2\/tags?post=372171"}],"curies":[{"name":"wp","href":"https:\/\/api.w.org\/{rel}","templated":true}]}}