{"id":372180,"date":"2025-09-07T04:20:43","date_gmt":"2025-09-07T04:20:43","guid":{"rendered":"https:\/\/www.europesays.com\/fr\/372180\/"},"modified":"2025-09-07T04:20:43","modified_gmt":"2025-09-07T04:20:43","slug":"palombella-rossa-de-retour-en-salles-la-parabole-politique-de-nanni-moretti-na-pas-pris-une-ride-telerama","status":"publish","type":"post","link":"https:\/\/www.europesays.com\/fr\/372180\/","title":{"rendered":"\u201cPalombella Rossa\u201d : de retour en salles, la parabole politique de Nanni Moretti n\u2019a pas pris une ride &#8211; T\u00e9l\u00e9rama"},"content":{"rendered":"<ol>\n<li><a href=\"https:\/\/news.google.com\/rss\/articles\/CBMi3AFBVV95cUxQQ1J6SHBCSkNlZnUtYVJFekFMYVI5NmZsbVlRNWJiT2d6czhnYUczbXhHazZyc0VlWEtLLVl5Vm5sR2hqOS1OUHgtUjc2dks0ZHJLanA2dkZMaURtc05RRXVwRHg0VDhwQS1PS3VpZzBVZFE0OWRXdF9aRUljbzhrZ1htUmR5VXRUZnM0emFXNVZlZWxlcHVpSlBKUGhBZkpyVDdEdGwySHFWWFZCRFFwY0U4RjNTenpHRkR2T3pjUXduNXE0RnFrMWpjM2FYbm9wQ29LOWc1Q0tVbnh6?oc=5\" target=\"_blank\" rel=\"nofollow noopener\">\u201cPalombella Rossa\u201d : de retour en salles, la parabole politique de Nanni Moretti n\u2019a pas pris une ride<\/a>&nbsp;&nbsp;T\u00e9l\u00e9rama<\/li>\n<li><a href=\"https:\/\/news.google.com\/rss\/articles\/CBMidEFVX3lxTE5oXzBXNFZwcU80RmhUVnJkRjVOUGdwWjRwMklDOEZwMHNoV3RhMWV2N2FUbC1FS1psbHdtOEpld2NCVTV1QTRmQWhMN1FnSV9WUWd3WEFtcDFxb19leFk5UEZETUYzODZXZGVvSDZZVE0zeWVr?oc=5\" target=\"_blank\" rel=\"nofollow noopener\">Palombella Rossa<\/a>&nbsp;&nbsp;Critikat<\/li>\n<li><a href=\"https:\/\/news.google.com\/rss\/articles\/CBMinAFBVV95cUxQSzdzdktHbldKSzBVRml0cXlxOExPaXFuOGNpYU5iLUsyWTRldG9VR3RsRDZBU1prd09vM0sxLU1YYmVJOGE4cVotdXQ2eWN5al95elRGV3JxOTJJNVFpYzVYOUc1dElYejVpcjlyQ0VyWWJLVDlTeUx5SVBwb2NVTmRCd2w0c2tXZHdEcjRhOFdXc3hmLXVtQzVYazk?oc=5\" target=\"_blank\" rel=\"nofollow noopener\">Palombella Rossa le film &#8211; Cin\u00e9mas &#8211; Le T\u00e9l\u00e9gramme : quotidien regional de Bretagne<\/a>&nbsp;&nbsp;Le T\u00e9l\u00e9gramme<\/li>\n<li><a href=\"https:\/\/news.google.com\/rss\/articles\/CBMi0wFBVV95cUxQVC1KdXVJRl9WakZoTFNzVjdyMkVSVTYxY0t6bGg3WDZVeG14U1BiYnVIM0NRLXdwUEFmQmhodVhNTks2N1NxUTBhUzJxR0E1SWFtUUhORVI5T0ZPY2o0eDE0OGQ2MkM0a0prLUZJWk1ndU1zbllPTnU2UFIwVUhHeWE3S3VjRDFYVXVSRElFRXFYTnBJRDdkRXBVRW1QOWlqcnotSjRNdUswQ2RFMVhRMjdLZXJmWkp4Nkg0dkVOMUVYdWUyaUlGRWVXbjlEN0RzUDFJ?oc=5\" target=\"_blank\" rel=\"nofollow noopener\">Dans \u201cPalombella Rossa\u201d, Nanni Moretti plonge dans le grand bain et recouvre la m\u00e9moire<\/a>&nbsp;&nbsp;Les Inrocks<\/li>\n<li><a href=\"https:\/\/news.google.com\/rss\/articles\/CBMikwFBVV95cUxQUWcybXRZdGg2Smk0ajlOel95MUFuMXZKa09EcjNKT1poV3I3THZnRXJuRWZMeFhnTGVqWXY2eUZiTlZnN1g1cmpGclc3akFUR2dyMGlKUjRmWDhhZUhMTEoxaTVfZ2pmYkFyOW5pUzhpM2E5UVdIRVJIUk51UEViZ05IcHRDYVFGQ2lCQjBnUjFzck0?oc=5\" target=\"_blank\" rel=\"nofollow noopener\">Nanni Moretti \u2013 \u00ab Palombella Rossa \u00bb (1989)<\/a>&nbsp;&nbsp;Culturopoing<\/li>\n<\/ol>\n","protected":false},"excerpt":{"rendered":"\u201cPalombella Rossa\u201d : de retour en salles, la parabole politique de Nanni Moretti n\u2019a pas pris une ride&nbsp;&nbsp;T\u00e9l\u00e9rama&hellip;\n","protected":false},"author":2,"featured_media":372181,"comment_status":"","ping_status":"","sticky":false,"template":"","format":"standard","meta":{"footnotes":""},"categories":[1354],"tags":[58,59,1346,1011,27,1360],"class_list":{"0":"post-372180","1":"post","2":"type-post","3":"status-publish","4":"format-standard","5":"has-post-thumbnail","7":"category-films","8":"tag-divertissement","9":"tag-entertainment","10":"tag-films","11":"tag-fr","12":"tag-france","13":"tag-movies"},"share_on_mastodon":{"url":"https:\/\/pubeurope.com\/@fr\/115161099283602874","error":""},"_links":{"self":[{"href":"https:\/\/www.europesays.com\/fr\/wp-json\/wp\/v2\/posts\/372180","targetHints":{"allow":["GET"]}}],"collection":[{"href":"https:\/\/www.europesays.com\/fr\/wp-json\/wp\/v2\/posts"}],"about":[{"href":"https:\/\/www.europesays.com\/fr\/wp-json\/wp\/v2\/types\/post"}],"author":[{"embeddable":true,"href":"https:\/\/www.europesays.com\/fr\/wp-json\/wp\/v2\/users\/2"}],"replies":[{"embeddable":true,"href":"https:\/\/www.europesays.com\/fr\/wp-json\/wp\/v2\/comments?post=372180"}],"version-history":[{"count":0,"href":"https:\/\/www.europesays.com\/fr\/wp-json\/wp\/v2\/posts\/372180\/revisions"}],"wp:featuredmedia":[{"embeddable":true,"href":"https:\/\/www.europesays.com\/fr\/wp-json\/wp\/v2\/media\/372181"}],"wp:attachment":[{"href":"https:\/\/www.europesays.com\/fr\/wp-json\/wp\/v2\/media?parent=372180"}],"wp:term":[{"taxonomy":"category","embeddable":true,"href":"https:\/\/www.europesays.com\/fr\/wp-json\/wp\/v2\/categories?post=372180"},{"taxonomy":"post_tag","embeddable":true,"href":"https:\/\/www.europesays.com\/fr\/wp-json\/wp\/v2\/tags?post=372180"}],"curies":[{"name":"wp","href":"https:\/\/api.w.org\/{rel}","templated":true}]}}