{"id":372193,"date":"2025-09-07T04:28:18","date_gmt":"2025-09-07T04:28:18","guid":{"rendered":"https:\/\/www.europesays.com\/fr\/372193\/"},"modified":"2025-09-07T04:28:18","modified_gmt":"2025-09-07T04:28:18","slug":"un-joggeur-de-38-ans-retrouve-mort-par-balle-une-enquete-pour-homicide-volontaire-ouverte-sud-ouest","status":"publish","type":"post","link":"https:\/\/www.europesays.com\/fr\/372193\/","title":{"rendered":"Un joggeur de 38 ans retrouv\u00e9 mort par balle, une enqu\u00eate pour homicide volontaire ouverte &#8211; Sud Ouest"},"content":{"rendered":"<ol>\n<li><a href=\"https:\/\/news.google.com\/rss\/articles\/CBMi1gFBVV95cUxQVEtuT2FXZ1N3eENHenRCTDRTUi1uTGhkNzNsLWVzS01Qa25rMERGSjJFMjluWUh4dFNHYzAzRkdoVUtHNGJmc1YtM3JZdnNwdXA2bzBfV3dRZWJjdi1PRlJVNk94YmZzYjFkT2hidmQzTFBXYm5KRS1NOHl0a1YtR1FDYm1CZWQxUk43ZzdxdEdNWk5OQ20zNTBmUnU1N3BfcDhXRkNMcnB0dVZiWi1XZHRicXdEN0k4MkdKdmRfWkVXSmI0V0ZlRGllY2dtc1c2dGZjb1RB?oc=5\" target=\"_blank\" rel=\"nofollow noopener\">Un joggeur de 38 ans retrouv\u00e9 mort par balle, une enqu\u00eate pour homicide volontaire ouverte<\/a>&nbsp;&nbsp;Sud Ouest<\/li>\n<li><a href=\"https:\/\/news.google.com\/rss\/articles\/CBMiugFBVV95cUxPWWJ3bFhMNWRrTVZpcW5pQUVqTFZvZUJnX0xSeTE2UVppcThPcTQ4Ml8tU0VKd0NzV0ZhRVZaclhIRVE4MlRBVGEwWDFSSVQwektHcTJXWVZVaVI4a0xZbVU4dnZkZU9SOWF4NWx0TmtsSnJQY3Fuamc5X0hzVkZCcnkzcjBJMHh6SDNnQ2lhWUtjai10TmtjQUtsVXdMWFVDdmRHaVZtelJNUkk1ZlBHYUY3ZFEzUXpWZkE?oc=5\" target=\"_blank\" rel=\"nofollow noopener\">Un homme tu\u00e9 par balles durant son jogging dans un bois de l\u2019Essonne<\/a>&nbsp;&nbsp;20minutes.fr<\/li>\n<li><a href=\"https:\/\/news.google.com\/rss\/articles\/CBMi8AFBVV95cUxQWGZMRUdUSmpFTVkzUk1XMHZQWWVUTEUxeGtYaGFwRWhnQ2lYV3ZNMHM5ZjV1LU16bXcyNGotSmNNWDdJMnZWV2M3VDJJUHl3RTV5NzdvdnJBSDF2cVdCTXJMYTdtaUx3b3FNTlVJaXdGVTFSVHZuZnhad3B1c01KNnYtWjh1OWthX19NeWRmMmJEcGM2ZU4xS0x0QlA4T3gzT01WYmMzTTFWdnFIZDhid190cHFJLXhJRXZhcXM2akY5LUhBWHNEVWluNnRJbzVfUnJXc1I4VS0wbUowMFE5bjJQNmtWWS1VUkhzUGNKVUM?oc=5\" target=\"_blank\" rel=\"nofollow noopener\">Meurtre dans l\u2019Essonne : un homme retrouv\u00e9 tu\u00e9 par balle en plein jogging \u00e0 Bi\u00e8vres<\/a>&nbsp;&nbsp;Le Parisien<\/li>\n<li><a href=\"https:\/\/news.google.com\/rss\/articles\/CBMi5gFBVV95cUxNRHJtdF9NSURoZEZwX01lS2hRVEhBVGxzcF83NGxoSVBhdGpOcy1ELXljaGhod3hVV29HZmpSVUhiUTVWeWdJMXFRYnBISjM1Wm13Ym1hVFJKNE0tSUl6ZFZBUllJR0NvU3dtTXBxWUVyVDF4U04tOHM3V0dLVXVJYzJBOGMtaWZDbF90b1lUZGMtckJ6VEEyRnhsU3dpeTZRYjJrVGlTc1JlWDhDNTBKSjdtY3RuXzV0dW1EWHhxVWFXRm5ObXRJOHZkQ0dLN2ZBYUpWNExIWHNBSjNhRzJDMVY5dkJLZw?oc=5\" target=\"_blank\" rel=\"nofollow noopener\">Essonne : un homme qui faisait son jogging retrouv\u00e9 mort par balle, le parquet ouvre une enqu\u00eate<\/a>&nbsp;&nbsp;Actu.fr<\/li>\n<li><a href=\"https:\/\/news.google.com\/rss\/articles\/CBMiywFBVV95cUxOZFVfeC1mdlB0UThCNXFYX040SHBEZDlHRFR2ZF9qYkhVWS13STNMZTEteVJQVTJuX3dWWTJRV0ZvLS1DVzljcUh0dkYwMjBkcmM1QVRJa1YwMlZwU3ZXdlhrT0N1WGlqMmlVVEZCNUM1WnJWNDVpLW8ydjM2WjZLX2tpQzVUZXhOX0hnZXh0YVU3aGpTOWlBb2RTWWR5LVcxTkk0UURpVDl3REhLcHU5VExhclc1ZjdFVGFxcEhpNUJ0anZuZkZiRGdaUQ?oc=5\" target=\"_blank\" rel=\"nofollow noopener\">Essonne: un homme retrouv\u00e9 mort par balle, une enqu\u00eate ouverte pour \u00abhomicide volontaire\u00bb<\/a>&nbsp;&nbsp;Le Figaro<\/li>\n<\/ol>\n","protected":false},"excerpt":{"rendered":"Un joggeur de 38 ans retrouv\u00e9 mort par balle, une enqu\u00eate pour homicide volontaire ouverte&nbsp;&nbsp;Sud Ouest Un homme&hellip;\n","protected":false},"author":2,"featured_media":360517,"comment_status":"","ping_status":"","sticky":false,"template":"","format":"standard","meta":{"footnotes":""},"categories":[2],"tags":[11,1011,27,12],"class_list":{"0":"post-372193","1":"post","2":"type-post","3":"status-publish","4":"format-standard","5":"has-post-thumbnail","7":"category-actualites","8":"tag-actualites","9":"tag-fr","10":"tag-france","11":"tag-news"},"share_on_mastodon":{"url":"https:\/\/pubeurope.com\/@fr\/115161130825794300","error":""},"_links":{"self":[{"href":"https:\/\/www.europesays.com\/fr\/wp-json\/wp\/v2\/posts\/372193","targetHints":{"allow":["GET"]}}],"collection":[{"href":"https:\/\/www.europesays.com\/fr\/wp-json\/wp\/v2\/posts"}],"about":[{"href":"https:\/\/www.europesays.com\/fr\/wp-json\/wp\/v2\/types\/post"}],"author":[{"embeddable":true,"href":"https:\/\/www.europesays.com\/fr\/wp-json\/wp\/v2\/users\/2"}],"replies":[{"embeddable":true,"href":"https:\/\/www.europesays.com\/fr\/wp-json\/wp\/v2\/comments?post=372193"}],"version-history":[{"count":0,"href":"https:\/\/www.europesays.com\/fr\/wp-json\/wp\/v2\/posts\/372193\/revisions"}],"wp:featuredmedia":[{"embeddable":true,"href":"https:\/\/www.europesays.com\/fr\/wp-json\/wp\/v2\/media\/360517"}],"wp:attachment":[{"href":"https:\/\/www.europesays.com\/fr\/wp-json\/wp\/v2\/media?parent=372193"}],"wp:term":[{"taxonomy":"category","embeddable":true,"href":"https:\/\/www.europesays.com\/fr\/wp-json\/wp\/v2\/categories?post=372193"},{"taxonomy":"post_tag","embeddable":true,"href":"https:\/\/www.europesays.com\/fr\/wp-json\/wp\/v2\/tags?post=372193"}],"curies":[{"name":"wp","href":"https:\/\/api.w.org\/{rel}","templated":true}]}}