{"id":372194,"date":"2025-09-07T04:29:12","date_gmt":"2025-09-07T04:29:12","guid":{"rendered":"https:\/\/www.europesays.com\/fr\/372194\/"},"modified":"2025-09-07T04:29:12","modified_gmt":"2025-09-07T04:29:12","slug":"firminy-sanctionnees-cet-ete-les-epiceries-de-nuit-devront-fermer-a-22-heures","status":"publish","type":"post","link":"https:\/\/www.europesays.com\/fr\/372194\/","title":{"rendered":"Firminy. Sanctionn\u00e9es cet \u00e9t\u00e9, les \u00e9piceries de nuit devront fermer \u00e0 22 heures"},"content":{"rendered":"<p>Depuis lundi 1 er \u00a0septembre, les \u00e9piceries et commerces de nuit de Firminy ont l\u2019obligation de fermer leurs portes \u00e0 partir de 22 heures, jusqu\u2019au lendemain matin \u00e0 6 heures. Un arr\u00eat\u00e9 municipal a \u00e9t\u00e9 pris en ce sens, \u00e0 l\u2019instar des restrictions d\u00e9j\u00e0 en vigueur notamment \u00e0 Saint-\u00c9tienne. Cela fait suite \u00e0 l\u2019arr\u00eat\u00e9 pr\u00e9fectoral du 7\u00a0avril, r\u00e9glementant la police administrative des d\u00e9bits de boissons et interdisant notamment la vente d\u2019alcool apr\u00e8s 22 heures dans les commerces de d\u00e9tail.<\/p>\n<p>Des fermetures administratives d\u2019un \u00e0 six mois<\/p>\n<p>Apr\u00e8s 23 heures, le soir du 18\u00a0juillet, jour o\u00f9 <a href=\"https:\/\/www.leprogres.fr\/faits-divers-justice\/2025\/07\/18\/epiceries-de-nuit-la-ville-impose-une-fermeture-entre-22-et-6-heures\" target=\"_blank\" rel=\"noopener\">l\u2019arr\u00eat\u00e9 municipal st\u00e9phanois est d\u2019ailleurs tomb\u00e9 sur le sujet<\/a> , une op\u00e9ration de contr\u00f4le a \u00e9t\u00e9 men\u00e9e par la police dans quatre \u00e9tablissements appelous\u00a0: le Hanout, rue Victor-Hugo, Le Panier sympa, rue Jean-Jaur\u00e8s, le Kalinka, rue de la R\u00e9publique, et Le Mas&#8230;<\/p>\n","protected":false},"excerpt":{"rendered":"Depuis lundi 1 er \u00a0septembre, les \u00e9piceries et commerces de nuit de Firminy ont l\u2019obligation de fermer leurs&hellip;\n","protected":false},"author":2,"featured_media":372195,"comment_status":"","ping_status":"","sticky":false,"template":"","format":"standard","meta":{"footnotes":""},"categories":[9653],"tags":[1111,11,2430,4406,271,272,33,7539,1777,674,274,10282,10283,1011,27,3367,12,25,4001],"class_list":{"0":"post-372194","1":"post","2":"type-post","3":"status-publish","4":"format-standard","5":"has-post-thumbnail","7":"category-saint-etienne","8":"tag-actu","9":"tag-actualites","10":"tag-auvergne-rhone-alpes","11":"tag-commerce-et-services","12":"tag-crime","13":"tag-delit-et-contravention","14":"tag-economie","15":"tag-edition-loire-sud","16":"tag-eu","17":"tag-europe","18":"tag-faits-divers-justice","19":"tag-firminy","20":"tag-firminy-ville","21":"tag-fr","22":"tag-france","23":"tag-loire","24":"tag-news","25":"tag-republique-francaise","26":"tag-saint-etienne"},"share_on_mastodon":{"url":"https:\/\/pubeurope.com\/@fr\/115161134788343423","error":""},"_links":{"self":[{"href":"https:\/\/www.europesays.com\/fr\/wp-json\/wp\/v2\/posts\/372194","targetHints":{"allow":["GET"]}}],"collection":[{"href":"https:\/\/www.europesays.com\/fr\/wp-json\/wp\/v2\/posts"}],"about":[{"href":"https:\/\/www.europesays.com\/fr\/wp-json\/wp\/v2\/types\/post"}],"author":[{"embeddable":true,"href":"https:\/\/www.europesays.com\/fr\/wp-json\/wp\/v2\/users\/2"}],"replies":[{"embeddable":true,"href":"https:\/\/www.europesays.com\/fr\/wp-json\/wp\/v2\/comments?post=372194"}],"version-history":[{"count":0,"href":"https:\/\/www.europesays.com\/fr\/wp-json\/wp\/v2\/posts\/372194\/revisions"}],"wp:featuredmedia":[{"embeddable":true,"href":"https:\/\/www.europesays.com\/fr\/wp-json\/wp\/v2\/media\/372195"}],"wp:attachment":[{"href":"https:\/\/www.europesays.com\/fr\/wp-json\/wp\/v2\/media?parent=372194"}],"wp:term":[{"taxonomy":"category","embeddable":true,"href":"https:\/\/www.europesays.com\/fr\/wp-json\/wp\/v2\/categories?post=372194"},{"taxonomy":"post_tag","embeddable":true,"href":"https:\/\/www.europesays.com\/fr\/wp-json\/wp\/v2\/tags?post=372194"}],"curies":[{"name":"wp","href":"https:\/\/api.w.org\/{rel}","templated":true}]}}