{"id":372196,"date":"2025-09-07T04:30:11","date_gmt":"2025-09-07T04:30:11","guid":{"rendered":"https:\/\/www.europesays.com\/fr\/372196\/"},"modified":"2025-09-07T04:30:11","modified_gmt":"2025-09-07T04:30:11","slug":"saint-etienne-de-tulmont-atout-coeur-pour-loncopole-sort-les-cartes","status":"publish","type":"post","link":"https:\/\/www.europesays.com\/fr\/372196\/","title":{"rendered":"Saint-\u00c9tienne-de-Tulmont. Atout C\u0153ur pour l\u2019Oncopole sort les cartes"},"content":{"rendered":"<p>C\u2019est le moment de ressortir les tapis et jeux de cartes pour le traditionnel concours mensuel de belote organis\u00e9 par l\u2019association Atout C\u0153ur pour l\u2019Oncopole le second mardi de chaque mois \u00e0 la salle des f\u00eates de Saint-Etienne. Le premier rendez-vous de la saison aura donc lieu le mardi 9 septembre \u00e0 20 h 45 pr\u00e9cises. \u00ab\u00a0Pensons \u00e0 ceux d\u2019entre nous qui travaillent le lendemain !\u00a0\u00bb, pr\u00e9cise la pr\u00e9sidente Th\u00e9r\u00e8se Groc. L\u2019engagement est de 7 euros par personne et chacun est le bienvenu sans obligation d\u2019adh\u00e9sion. L\u2019association pr\u00e9pare son vide-greniers annuel qui aura lieu sur la place du Tulmonenc le dimanche 28 septembre. L\u2019emplacement est au prix de 3 euros le m\u00e8tre.<\/p>\n<p>R\u00e9servations jusqu\u2019au 24 septembre au : 07 81 85 38 15 ou au 06 63 10 56 12.<\/p>\n","protected":false},"excerpt":{"rendered":"C\u2019est le moment de ressortir les tapis et jeux de cartes pour le traditionnel concours mensuel de belote&hellip;\n","protected":false},"author":2,"featured_media":372197,"comment_status":"","ping_status":"","sticky":false,"template":"","format":"standard","meta":{"footnotes":""},"categories":[9653],"tags":[1111,11,2430,1777,674,1011,27,12,25,4001],"class_list":{"0":"post-372196","1":"post","2":"type-post","3":"status-publish","4":"format-standard","5":"has-post-thumbnail","7":"category-saint-etienne","8":"tag-actu","9":"tag-actualites","10":"tag-auvergne-rhone-alpes","11":"tag-eu","12":"tag-europe","13":"tag-fr","14":"tag-france","15":"tag-news","16":"tag-republique-francaise","17":"tag-saint-etienne"},"share_on_mastodon":{"url":"https:\/\/pubeurope.com\/@fr\/115161138647084961","error":""},"_links":{"self":[{"href":"https:\/\/www.europesays.com\/fr\/wp-json\/wp\/v2\/posts\/372196","targetHints":{"allow":["GET"]}}],"collection":[{"href":"https:\/\/www.europesays.com\/fr\/wp-json\/wp\/v2\/posts"}],"about":[{"href":"https:\/\/www.europesays.com\/fr\/wp-json\/wp\/v2\/types\/post"}],"author":[{"embeddable":true,"href":"https:\/\/www.europesays.com\/fr\/wp-json\/wp\/v2\/users\/2"}],"replies":[{"embeddable":true,"href":"https:\/\/www.europesays.com\/fr\/wp-json\/wp\/v2\/comments?post=372196"}],"version-history":[{"count":0,"href":"https:\/\/www.europesays.com\/fr\/wp-json\/wp\/v2\/posts\/372196\/revisions"}],"wp:featuredmedia":[{"embeddable":true,"href":"https:\/\/www.europesays.com\/fr\/wp-json\/wp\/v2\/media\/372197"}],"wp:attachment":[{"href":"https:\/\/www.europesays.com\/fr\/wp-json\/wp\/v2\/media?parent=372196"}],"wp:term":[{"taxonomy":"category","embeddable":true,"href":"https:\/\/www.europesays.com\/fr\/wp-json\/wp\/v2\/categories?post=372196"},{"taxonomy":"post_tag","embeddable":true,"href":"https:\/\/www.europesays.com\/fr\/wp-json\/wp\/v2\/tags?post=372196"}],"curies":[{"name":"wp","href":"https:\/\/api.w.org\/{rel}","templated":true}]}}