{"id":372211,"date":"2025-09-07T04:40:11","date_gmt":"2025-09-07T04:40:11","guid":{"rendered":"https:\/\/www.europesays.com\/fr\/372211\/"},"modified":"2025-09-07T04:40:11","modified_gmt":"2025-09-07T04:40:11","slug":"le-dauphine-libere-a-80-ans-comment-la-metropole-de-grenoble-a-change-de-1945-a-nos-jours","status":"publish","type":"post","link":"https:\/\/www.europesays.com\/fr\/372211\/","title":{"rendered":"Le Dauphin\u00e9 Lib\u00e9r\u00e9 a 80 ans . Comment la m\u00e9tropole de Grenoble a chang\u00e9 de 1945 \u00e0 nos jours"},"content":{"rendered":"<p>On est en f\u00e9vrier\u00a01968. Paris Match titre en une de son magazine \u201cGrenoble, la premi\u00e8re ville fran\u00e7aise du XXIe\u00a0 si\u00e8cle\u201d. Les Jeux olympiques vont d\u00e9buter dans une cit\u00e9 totalement transform\u00e9e. \u00ab\u00a0Rien n\u2019est comparable avec cette \u00e9poque\u00a0\u00bb, estime Olivier Cogne, directeur du Mus\u00e9e dauphinois, \u00e9tablissement du D\u00e9partement de l\u2019Is\u00e8re. Car si, en 80 ans, le territoire de la m\u00e9tropole de Grenoble a \u00e9volu\u00e9, il y a clairement un avant et un apr\u00e8s JO.<\/p>\n<p>\u00ab\u00a0Des milliers de personnes sont venues de nombreux pays pour construire des routes, des logements, des \u00e9difices ou travailler dans les diff\u00e9rentes industries\u00a0\u00bb, compl\u00e8te Olivier Cogne. Un livre datant de cette \u00e9poque, sign\u00e9 du journaliste Claude Glayman, a m\u00eame pour titre 50\u00a0millions de Grenoblois,  comme si la capitale&#8230;<\/p>\n","protected":false},"excerpt":{"rendered":"On est en f\u00e9vrier\u00a01968. Paris Match titre en une de son magazine \u201cGrenoble, la premi\u00e8re ville fran\u00e7aise du&hellip;\n","protected":false},"author":2,"featured_media":372212,"comment_status":"","ping_status":"","sticky":false,"template":"","format":"standard","meta":{"footnotes":""},"categories":[9566],"tags":[1111,11,2430,1687,112,113,114,1777,674,1011,27,2731,2732,108,12,25,106,3140],"class_list":{"0":"post-372211","1":"post","2":"type-post","3":"status-publish","4":"format-standard","5":"has-post-thumbnail","7":"category-grenoble","8":"tag-actu","9":"tag-actualites","10":"tag-auvergne-rhone-alpes","11":"tag-culture-loisirs","12":"tag-edition-grenoble-agglomeration","13":"tag-edition-gresivaudan-oisans","14":"tag-edition-voiron-saint-marcellin","15":"tag-eu","16":"tag-europe","17":"tag-fr","18":"tag-france","19":"tag-grenoble","20":"tag-grenoble-bassin","21":"tag-isere","22":"tag-news","23":"tag-republique-francaise","24":"tag-selection-de-la-redaction-38","25":"tag-spectacle"},"share_on_mastodon":{"url":"https:\/\/pubeurope.com\/@fr\/115161177993818085","error":""},"_links":{"self":[{"href":"https:\/\/www.europesays.com\/fr\/wp-json\/wp\/v2\/posts\/372211","targetHints":{"allow":["GET"]}}],"collection":[{"href":"https:\/\/www.europesays.com\/fr\/wp-json\/wp\/v2\/posts"}],"about":[{"href":"https:\/\/www.europesays.com\/fr\/wp-json\/wp\/v2\/types\/post"}],"author":[{"embeddable":true,"href":"https:\/\/www.europesays.com\/fr\/wp-json\/wp\/v2\/users\/2"}],"replies":[{"embeddable":true,"href":"https:\/\/www.europesays.com\/fr\/wp-json\/wp\/v2\/comments?post=372211"}],"version-history":[{"count":0,"href":"https:\/\/www.europesays.com\/fr\/wp-json\/wp\/v2\/posts\/372211\/revisions"}],"wp:featuredmedia":[{"embeddable":true,"href":"https:\/\/www.europesays.com\/fr\/wp-json\/wp\/v2\/media\/372212"}],"wp:attachment":[{"href":"https:\/\/www.europesays.com\/fr\/wp-json\/wp\/v2\/media?parent=372211"}],"wp:term":[{"taxonomy":"category","embeddable":true,"href":"https:\/\/www.europesays.com\/fr\/wp-json\/wp\/v2\/categories?post=372211"},{"taxonomy":"post_tag","embeddable":true,"href":"https:\/\/www.europesays.com\/fr\/wp-json\/wp\/v2\/tags?post=372211"}],"curies":[{"name":"wp","href":"https:\/\/api.w.org\/{rel}","templated":true}]}}