{"id":372213,"date":"2025-09-07T04:41:15","date_gmt":"2025-09-07T04:41:15","guid":{"rendered":"https:\/\/www.europesays.com\/fr\/372213\/"},"modified":"2025-09-07T04:41:15","modified_gmt":"2025-09-07T04:41:15","slug":"une-victoire-bonifiee-pour-le-retour-du-fc-grenoble-au-stade-des-alpes","status":"publish","type":"post","link":"https:\/\/www.europesays.com\/fr\/372213\/","title":{"rendered":"Une victoire bonifi\u00e9e pour le retour du FC Grenoble au Stade des Alpes"},"content":{"rendered":"<p>Maladroits en premi\u00e8re mi-temps, les Grenoblois ont su trouver les ressources n\u00e9cessaires pour prendre le large dans le second acte. Cette victoire bonifi\u00e9e contre le Stade Aurillacois (38-16) permet aux Is\u00e9rois de prendre provisoirement la deuxi\u00e8me place de Pro D2.<\/p>\n<p><strong>Une premi\u00e8re mi-temps d\u00e9cevante<\/strong><\/p>\n<p>Pour leur retour dans leur enceinte, les hommes du trio Hueber-Nadau-P\u00e9zery voulaient frapper un grand coup face \u00e0 un adversaire qu\u2019ils avaient affront\u00e9 en pr\u00e9paration (d\u00e9faite 36-28). D\u00e8s la troisi\u00e8me minute, le pack grenoblois renversait la m\u00eal\u00e9e adverse pour permettre au h\u00e9ros de la semaine derni\u00e8re, Romain Trouilloud, d\u2019ouvrir le score sur une p\u00e9nalit\u00e9 situ\u00e9e \u00e0 plus de 40 m\u00e8tres des poteaux (3-0, 3e). Mais cette dynamique du d\u00e9but de rencontre \u00e9tait de courte dur\u00e9e. En multipliant les fautes de main \u00e0 l\u2019image de l\u2019en-avant de Mouton (10e) puis Martel (23e), les Grenoblois avaient du mal \u00e0 concr\u00e9tiser leurs occasions pour prendre le large dans cette rencontre. Au contraire, les Cantaliens profitaient de leurs rares incursions dans les 22 m\u00e8tres adverses pour faire la course en t\u00eate. Bien d\u00e9cal\u00e9s sur la droite du terrain par Yabaki, Papunashvili inscrivait le premier essai de la partie avant de le transformer dans la foul\u00e9e (3-7, 15e).<\/p>\n<p>Malgr\u00e9 leur sup\u00e9riorit\u00e9 num\u00e9rique \u00e0 la suite du carton jaune de Burduli (20e), les Is\u00e9rois ne parvenaient pas \u00e0 imposer leur jeu. Papunashvili (31e) r\u00e9pondait \u00e0 Trouilloud (26e) pour permettre au Stade Aurillacois de conserver cette avance de quatre points (6-10) \u00e0 dix minutes de la fin d\u2019un premier acte hach\u00e9. En effet, les fautes se multipliaient de part et d\u2019autre contraignant M.Dutreuilh \u00e0 sanctionner Zach Gauthier et Robertson-McCoy (34e), tous les deux fautifs en m\u00eal\u00e9e. Avec un joueur de moins dans chaque \u00e9quipe, le match s\u2019emballait enfin et \u00e0 la suite d\u2019une belle combinaison entre Trouilloud et Couilloud dans l\u2019axe, Thomas Ployet aplatissait dans l\u2019en-but aurillacois (11-10, 36e). Sans trembler, Romain Trouilloud ajouter deux points suppl\u00e9mentaires pour porter le score \u00e0 13-10 en faveur des Grenoblois. C\u2019est alors un mano \u00e0 mano entre les deux buteurs qui se mettait en place dans cette fin de premi\u00e8re mi-temps. Papunashvili \u00e9galisait en inscrivant son treizi\u00e8me point de la soir\u00e9e (13-13, 39e) avant que l\u2019imp\u00e9rial buteur du FCG ne lui r\u00e9ponde quelques instants plus tard (16-13, 40+1e). Les Is\u00e9rois regagnaient donc les vestiaires avec trois petites longueurs d\u2019avance mais avec un visage affich\u00e9 qui est bien loin de celui auquel nous sommes habitu\u00e9s.<\/p>\n<p><strong>Trois essais en 25 minutes et une rechute pour Mouton<\/strong><\/p>\n<p>Malgr\u00e9 une dizaine de minutes brouillonnes au retour des vestiaires (19-16, 52e), les locaux ont r\u00e9alis\u00e9 une fin de match tout en ma\u00eetrise pour empocher cinq points suppl\u00e9mentaires au classement. A la suite d\u2019une belle chevauch\u00e9e, Hugo Couilloud parvenait \u00e0 transmettre \u00e0 son fr\u00e8re, Romain, qui d\u00e9calait Eric Escande pour inscrire le second essai du FCG (26-16, 57e). Profitant de la sup\u00e9riorit\u00e9 num\u00e9rique offerte par un geste d\u2019humeur de Papunashvili, les Is\u00e9rois prenait le large dans cette rencontre par l\u2019interm\u00e9diaire d\u2019Aur\u00e9lien Callandret. La recrue arriv\u00e9e en provenance de l\u2019Aviron Bayonnais inscrivait son deuxi\u00e8me essai en autant de matchs pour permettre \u00e0 ses co\u00e9quipiers de mener 31-16. Mais le r\u00e9cital offensif grenoblois n\u2019\u00e9tait pas encore fini, pour le plus grand bonheur des spectateurs alpins pr\u00e9sents\u00a0! En effet, Thibaut Martel inscrivait \u00e0 son tour un essai \u00e0 la suite d\u2019un ballon port\u00e9 (36-16). Le quatri\u00e8me de la soir\u00e9e synonyme de bonus offensif et de deuxi\u00e8me place au classement avant d\u2019affronter Agen, jeudi prochain (21h00).<\/p>\n<p>Seul point n\u00e9gatif dans cette fin de match, la blessure de Gerswin Mouton. Bl\u00e9ss\u00e9 lors de la finale de Pro D2 \u00e0 Toulouse, l\u2019ailier namibien faisait son retour \u00e0 la comp\u00e9tition hier soir. Malheureusement, son genou a de nouveau l\u00e2ch\u00e9 sur une mauvaise r\u00e9ception ce qui devrait l\u2019\u00e9loigner des terrains pendant de longues semaines\u2026<\/p>\n<p><strong>Retrouvez ci-dessous les r\u00e9actions des Grenoblois au micro de nos confr\u00e8res du Dauphine Lib\u00e9r\u00e9\u00a0:<\/strong><\/p>\n<p><strong>Aur\u00e9lien Callandret (ailier de Grenoble)\u00a0:<\/strong>\u00a0\u00ab\u00a0Une soir\u00e9e r\u00e9ussie\u00a0? Je ne sais pas. D\u00e9j\u00e0, on a perdu Gerswin (Mouton) sur blessure. Ensuite, on a \u00e9t\u00e9 tr\u00e8s poussif dans le jeu. Cela a \u00e9t\u00e9 mieux en deuxi\u00e8me p\u00e9riode mais en premi\u00e8re, on s\u2019est jet\u00e9 les ballons sur la t\u00eate, chacun a trop voulu faire son exploit. On s\u2019est pris les pieds dans le tapis en voulant trop jouer. Il y a eu un peu de suffisance je trouve. C\u2019\u00e9tait mieux en deuxi\u00e8me, on a fait preuve de patience, on a jou\u00e9 plus collectif. Mais il reste encore des r\u00e9glages \u00e0 faire avant d\u2019aller \u00e0 Agen. Apr\u00e8s, on a pris cinq points, on est sur deux victoires, c\u2019est pas mal quand m\u00eame. Personnellement, j\u2019ai marqu\u00e9 mon deuxi\u00e8me essai. Je suis content. Pourvu que \u00e7a dure\u2026\u00a0\u00bb<\/p>\n<p><strong>Jos\u00e9 Madeira (3e\u00a0ligne et capitaine de Grenoble)\u00a0:<\/strong>\u00a0\u00ab\u00a0Je suis fier des gars car ce fut un match compliqu\u00e9 contre une belle \u00e9quipe d\u2019Aurillac. Le regret, c\u2019est qu\u2019on n\u2019a pas trop respect\u00e9 le plan de jeu et Aurillac a bien d\u00e9but\u00e9. C\u2019\u00e9tait notre premier match \u00e0 la maison, devant notre public, on voulait bien faire. On a trop jou\u00e9 au large et on a manqu\u00e9 de pr\u00e9cision. On a des d\u00e9tails \u00e0 r\u00e9gler. Il faut qu\u2019on arrive \u00e0 \u00eatre constant tout un match. On a su rectifier le tir ensuite.\u00a0\u00c0 la mi-temps, on voulait remettre du calme et remettre les choses dans l\u2019ordre. On a deux victoires et c\u2019est tr\u00e8s important pour nous.\u00a0\u00bb<\/p>\n<p><strong>Patrick P\u00e9zery (entra\u00eeneur de Grenoble)\u00a0:<\/strong>\u00a0\u00ab\u00a0On est satisfait du r\u00e9sultat. Mais on est pass\u00e9 \u00e0 travers notre d\u00e9but de match. On n\u2019a pas respect\u00e9 le plan de jeu contre cette \u00e9quipe d\u2019Aurillac qu\u2019on savait dangereuse. On a tent\u00e9 des passes saut\u00e9es, on s\u2019est pr\u00e9cipit\u00e9 parfois.\u00a0\u00c0 la mi-temps, on a tout remis en place en s\u2019appuyant sur ce qu\u2019on avait vu toute la semaine \u00e0 l\u2019entra\u00eenement en faisant des choses simples. L\u2019objectif \u00e9tait d\u2019user et de faire craquer l\u2019adversaire. On aurait pu s\u2019\u00e9viter cette premi\u00e8re mi-temps stressante. Ensuite, en deuxi\u00e8me, le r\u00e9sultat parle de lui-m\u00eame. Le classement est anecdotique mais deux victoires en revanche, c\u2019est une bouff\u00e9e d\u2019oxyg\u00e8ne. Je n\u2019oublie pas la blessure de Gerswin (Mouton) qui est la tr\u00e8s mauvaise nouvelle de la soir\u00e9e.\u00a0\u00bb<\/p>\n<p>\n\tArticles similaires<\/p>\n","protected":false},"excerpt":{"rendered":"Maladroits en premi\u00e8re mi-temps, les Grenoblois ont su trouver les ressources n\u00e9cessaires pour prendre le large dans le&hellip;\n","protected":false},"author":2,"featured_media":208192,"comment_status":"","ping_status":"","sticky":false,"template":"","format":"standard","meta":{"footnotes":""},"categories":[9566],"tags":[1111,11,2430,1777,674,1011,27,2731,12,25],"class_list":{"0":"post-372213","1":"post","2":"type-post","3":"status-publish","4":"format-standard","5":"has-post-thumbnail","7":"category-grenoble","8":"tag-actu","9":"tag-actualites","10":"tag-auvergne-rhone-alpes","11":"tag-eu","12":"tag-europe","13":"tag-fr","14":"tag-france","15":"tag-grenoble","16":"tag-news","17":"tag-republique-francaise"},"share_on_mastodon":{"url":"https:\/\/pubeurope.com\/@fr\/115161181915460703","error":""},"_links":{"self":[{"href":"https:\/\/www.europesays.com\/fr\/wp-json\/wp\/v2\/posts\/372213","targetHints":{"allow":["GET"]}}],"collection":[{"href":"https:\/\/www.europesays.com\/fr\/wp-json\/wp\/v2\/posts"}],"about":[{"href":"https:\/\/www.europesays.com\/fr\/wp-json\/wp\/v2\/types\/post"}],"author":[{"embeddable":true,"href":"https:\/\/www.europesays.com\/fr\/wp-json\/wp\/v2\/users\/2"}],"replies":[{"embeddable":true,"href":"https:\/\/www.europesays.com\/fr\/wp-json\/wp\/v2\/comments?post=372213"}],"version-history":[{"count":0,"href":"https:\/\/www.europesays.com\/fr\/wp-json\/wp\/v2\/posts\/372213\/revisions"}],"wp:featuredmedia":[{"embeddable":true,"href":"https:\/\/www.europesays.com\/fr\/wp-json\/wp\/v2\/media\/208192"}],"wp:attachment":[{"href":"https:\/\/www.europesays.com\/fr\/wp-json\/wp\/v2\/media?parent=372213"}],"wp:term":[{"taxonomy":"category","embeddable":true,"href":"https:\/\/www.europesays.com\/fr\/wp-json\/wp\/v2\/categories?post=372213"},{"taxonomy":"post_tag","embeddable":true,"href":"https:\/\/www.europesays.com\/fr\/wp-json\/wp\/v2\/tags?post=372213"}],"curies":[{"name":"wp","href":"https:\/\/api.w.org\/{rel}","templated":true}]}}