{"id":372214,"date":"2025-09-07T04:45:12","date_gmt":"2025-09-07T04:45:12","guid":{"rendered":"https:\/\/www.europesays.com\/fr\/372214\/"},"modified":"2025-09-07T04:45:12","modified_gmt":"2025-09-07T04:45:12","slug":"strasbourg-juges-derangeants-des-tableaux-de-camille-claus-en-quete-dune-eglise-daccueil","status":"publish","type":"post","link":"https:\/\/www.europesays.com\/fr\/372214\/","title":{"rendered":"Strasbourg. Jug\u00e9s d\u00e9rangeants, des tableaux de Camille Claus en qu\u00eate d\u2019une \u00e9glise d\u2019accueil"},"content":{"rendered":"<p>\u00c0 son arriv\u00e9e il y a six ans \u00e0 l\u2019\u00e9glise du Christ ressuscit\u00e9 de l\u2019Esplanade, dans le quartier des universit\u00e9s de Strasbourg, le p\u00e8re Thomas Wender d\u00e9couvre, entre autres dossiers, celui des tableaux de Camille Claus\u00a0: \u00ab\u00a0Certains paroissiens sont venus me voir pour me dire qu\u2019il \u00e9tait temps de changer les tableaux et le conseil a tranch\u00e9, il y a eu un consensus pour les d\u00e9crocher.\u00a0\u00bb<\/p>\n<p>Les toiles d\u00e9rangeaient, moins par le th\u00e8me que le parti pris esth\u00e9tique, des lignes simples, proches de l\u2019\u00e9pure, baign\u00e9es d\u2019une douce lumi\u00e8re. Le Christ et la Vierge Marie n\u2019ont pas de traits. Cette absence de visage en a d\u00e9concert\u00e9 plus d\u2019un. Une comparaison a m\u00eame \u00e9t\u00e9 faite avec des aliens, dans une \u00e9glise ronde comme une soucoupe, faut-il pr\u00e9ciser. Construite \u00e0 la&#8230;<\/p>\n","protected":false},"excerpt":{"rendered":"\u00c0 son arriv\u00e9e il y a six ans \u00e0 l\u2019\u00e9glise du Christ ressuscit\u00e9 de l\u2019Esplanade, dans le quartier&hellip;\n","protected":false},"author":2,"featured_media":372215,"comment_status":"","ping_status":"","sticky":false,"template":"","format":"standard","meta":{"footnotes":""},"categories":[2820],"tags":[1111,11,2389,1687,2880,1777,674,2271,107,1011,27,775,3035,12,25,640,2879],"class_list":{"0":"post-372214","1":"post","2":"type-post","3":"status-publish","4":"format-standard","5":"has-post-thumbnail","7":"category-strasbourg","8":"tag-actu","9":"tag-actualites","10":"tag-alsace","11":"tag-culture-loisirs","12":"tag-edition-strasbourg","13":"tag-eu","14":"tag-europe","15":"tag-exposition-arts-plastiques","16":"tag-fil-info","17":"tag-fr","18":"tag-france","19":"tag-grand-est","20":"tag-la-matinale-strasbourg","21":"tag-news","22":"tag-republique-francaise","23":"tag-strasbourg","24":"tag-strasbourg-ville"},"share_on_mastodon":{"url":"https:\/\/pubeurope.com\/@fr\/115161197715710402","error":""},"_links":{"self":[{"href":"https:\/\/www.europesays.com\/fr\/wp-json\/wp\/v2\/posts\/372214","targetHints":{"allow":["GET"]}}],"collection":[{"href":"https:\/\/www.europesays.com\/fr\/wp-json\/wp\/v2\/posts"}],"about":[{"href":"https:\/\/www.europesays.com\/fr\/wp-json\/wp\/v2\/types\/post"}],"author":[{"embeddable":true,"href":"https:\/\/www.europesays.com\/fr\/wp-json\/wp\/v2\/users\/2"}],"replies":[{"embeddable":true,"href":"https:\/\/www.europesays.com\/fr\/wp-json\/wp\/v2\/comments?post=372214"}],"version-history":[{"count":0,"href":"https:\/\/www.europesays.com\/fr\/wp-json\/wp\/v2\/posts\/372214\/revisions"}],"wp:featuredmedia":[{"embeddable":true,"href":"https:\/\/www.europesays.com\/fr\/wp-json\/wp\/v2\/media\/372215"}],"wp:attachment":[{"href":"https:\/\/www.europesays.com\/fr\/wp-json\/wp\/v2\/media?parent=372214"}],"wp:term":[{"taxonomy":"category","embeddable":true,"href":"https:\/\/www.europesays.com\/fr\/wp-json\/wp\/v2\/categories?post=372214"},{"taxonomy":"post_tag","embeddable":true,"href":"https:\/\/www.europesays.com\/fr\/wp-json\/wp\/v2\/tags?post=372214"}],"curies":[{"name":"wp","href":"https:\/\/api.w.org\/{rel}","templated":true}]}}