{"id":372216,"date":"2025-09-07T04:46:13","date_gmt":"2025-09-07T04:46:13","guid":{"rendered":"https:\/\/www.europesays.com\/fr\/372216\/"},"modified":"2025-09-07T04:46:13","modified_gmt":"2025-09-07T04:46:13","slug":"municipales-2026-a-strasbourg-cinq-a-six-listes-pourraient-se-qualifier-au-second-tour","status":"publish","type":"post","link":"https:\/\/www.europesays.com\/fr\/372216\/","title":{"rendered":"Municipales 2026. \u00c0 Strasbourg, cinq \u00e0 six listes pourraient se qualifier au second tour"},"content":{"rendered":"<p>En attendant les premiers sondages, le microcosme strasbourgeois commence \u00e0 se dire qu\u2019au regard de l\u2019offre politique qui se met doucement en place en vue des prochaines municipales et des r\u00e9sultats des derniers scrutins, la barre des 10\u00a0% des suffrages exprim\u00e9s qui permet d\u2019acc\u00e9der au second tour pourrait \u00eatre franchie par cinq, voire six listes diff\u00e9rentes.<\/p>\n<p>Dans le d\u00e9sordre, la liste \u00e9cologiste et alli\u00e9s de l\u2019\u00e9quipe sortante, une liste socialiste avec <a href=\"https:\/\/www.lalsace.fr\/p\/catherine-trautmann\" target=\"_blank\" rel=\"noopener\">Catherine Trautmann<\/a>, une liste LFI, une liste d\u2019union des trois partis centristes, la liste de droite et la liste RN.<\/p>\n<p>Ce sc\u00e9nario confirme le fait que la question des alliances sera primordiale, mais il est loin d\u2019\u00eatre acquis, d\u2019autant que Strasbourg compte souvent au moins dix listes et que beaucoup de choses peuvent encore se passer d\u2019ici mars prochain.<\/p>\n","protected":false},"excerpt":{"rendered":"En attendant les premiers sondages, le microcosme strasbourgeois commence \u00e0 se dire qu\u2019au regard de l\u2019offre politique qui&hellip;\n","protected":false},"author":2,"featured_media":372217,"comment_status":"","ping_status":"","sticky":false,"template":"","format":"standard","meta":{"footnotes":""},"categories":[2820],"tags":[1111,11,2389,15107,4188,1777,674,107,1011,27,775,12,316,25,640],"class_list":{"0":"post-372216","1":"post","2":"type-post","3":"status-publish","4":"format-standard","5":"has-post-thumbnail","7":"category-strasbourg","8":"tag-actu","9":"tag-actualites","10":"tag-alsace","11":"tag-chuchotements","12":"tag-elections-municipales","13":"tag-eu","14":"tag-europe","15":"tag-fil-info","16":"tag-fr","17":"tag-france","18":"tag-grand-est","19":"tag-news","20":"tag-politique","21":"tag-republique-francaise","22":"tag-strasbourg"},"share_on_mastodon":{"url":"https:\/\/pubeurope.com\/@fr\/115161201629568288","error":""},"_links":{"self":[{"href":"https:\/\/www.europesays.com\/fr\/wp-json\/wp\/v2\/posts\/372216","targetHints":{"allow":["GET"]}}],"collection":[{"href":"https:\/\/www.europesays.com\/fr\/wp-json\/wp\/v2\/posts"}],"about":[{"href":"https:\/\/www.europesays.com\/fr\/wp-json\/wp\/v2\/types\/post"}],"author":[{"embeddable":true,"href":"https:\/\/www.europesays.com\/fr\/wp-json\/wp\/v2\/users\/2"}],"replies":[{"embeddable":true,"href":"https:\/\/www.europesays.com\/fr\/wp-json\/wp\/v2\/comments?post=372216"}],"version-history":[{"count":0,"href":"https:\/\/www.europesays.com\/fr\/wp-json\/wp\/v2\/posts\/372216\/revisions"}],"wp:featuredmedia":[{"embeddable":true,"href":"https:\/\/www.europesays.com\/fr\/wp-json\/wp\/v2\/media\/372217"}],"wp:attachment":[{"href":"https:\/\/www.europesays.com\/fr\/wp-json\/wp\/v2\/media?parent=372216"}],"wp:term":[{"taxonomy":"category","embeddable":true,"href":"https:\/\/www.europesays.com\/fr\/wp-json\/wp\/v2\/categories?post=372216"},{"taxonomy":"post_tag","embeddable":true,"href":"https:\/\/www.europesays.com\/fr\/wp-json\/wp\/v2\/tags?post=372216"}],"curies":[{"name":"wp","href":"https:\/\/api.w.org\/{rel}","templated":true}]}}