{"id":372218,"date":"2025-09-07T04:47:09","date_gmt":"2025-09-07T04:47:09","guid":{"rendered":"https:\/\/www.europesays.com\/fr\/372218\/"},"modified":"2025-09-07T04:47:09","modified_gmt":"2025-09-07T04:47:09","slug":"nice-ce-batiment-unique-en-france-risque-des-dommages-irreversibles-et-une-perte-totale","status":"publish","type":"post","link":"https:\/\/www.europesays.com\/fr\/372218\/","title":{"rendered":"Nice. Ce b\u00e2timent unique en France risque des \u00ab\u00a0dommages irr\u00e9versibles et une perte totale\u00a0\u00bb"},"content":{"rendered":"<p>            Par<br \/>\n        <strong><br \/>\n            <a href=\"https:\/\/actu.fr\/auteur\/ugo-maillard\" title=\"Consulter tous les articles de Ugo Maillard\" target=\"_blank\" rel=\"noopener\">Ugo Maillard<\/a><br \/>\n        <\/strong><\/p>\n<p>        Publi\u00e9 le<\/p>\n<p>            7 sept. 2025 \u00e0 6h04        <\/p>\n<p>L\u2019occasion unique de sauver ce pan du patrimoine maralpin. Les sites s\u00e9lectionn\u00e9s par la Mission patrimoine 2025 ont \u00e9t\u00e9 r\u00e9v\u00e9l\u00e9s le lundi 1er\u00a0septembre.<\/p>\n<p class=\" wall-content\">Dans les <a href=\"https:\/\/actu.fr\/provence-alpes-cote-d-azur\/alpes-maritimes_06\" target=\"_blank\" rel=\"noopener\">Alpes-Maritimes<\/a>, l\u2019<strong>Isba du domaine de Val<\/strong><strong>rose<\/strong> \u00e0 Nice a \u00e9t\u00e9 d\u00e9sign\u00e9e. Cette maison aux caract\u00e9ristiques uniques se trouve dans un \u00e9tat de conservation critique qui n\u00e9cessite des travaux urgents.<\/p>\n<p>    <a href=\"https:\/\/www.google.com\/maps\/embed?pb=!1m18!1m12!1m3!1d1441.860233728578!2d7.266754988969682!3d43.71635793139575!2m3!1f0!2f0!3f0!3m2!1i1024!2i768!4f13.1!3m3!1m2!1s0x12cdc55574df585d%3A0x67c49d3f16c4945e!2sIsba!5e0!3m2!1sfr!2sfr!4v1756807598070!5m2!1sfr!2sfr\" title=\"Ouvrie le lien\" target=\"_blank\" rel=\"noopener\">Cliquez ici pour visualiser le contenu<\/a><\/p>\n<p class=\" wall-content\">En France, ce ne sont pas moins de <a href=\"https:\/\/actu.fr\/loisirs-culture\/mission-patrimoine-2025-voici-les-120-sites-en-danger-qui-vont-pouvoir-etre-sauves-avec-ce-jeu-de-la-fdj_63101022.html\" target=\"_blank\" rel=\"noopener\">120 sites<\/a> qui vont pouvoir b\u00e9n\u00e9ficier d\u2019une collecte de fonds.<\/p>\n<p>Une \u00ab\u2009restauration rapide\u2009\u00bb n\u00e9cessaire<\/p>\n<p class=\" wall-content\">Situ\u00e9 au sein du domaine universitaire de Valrose, le b\u00e2timent a \u00e9t\u00e9 install\u00e9 dans le parc entre\u00a01871 et\u00a01881 et depuis <strong>class\u00e9 Monument historique<\/strong>. Sa raret\u00e9 r\u00e9side dans son origine. L\u2019isma est une maison traditionnelle russe compos\u00e9e de rondins de sapins qui forme un chalet.<\/p>\n<p class=\" wall-content\">Au fil des d\u00e9cennies, le lieu s\u2019est fortement d\u00e9grad\u00e9, atteignant un niveau de d\u00e9labrement alertant.<\/p>\n<blockquote class=\"ac-article-quote wall-content\">\n<p>Un diagnostic approfondi r\u00e9v\u00e8le une d\u00e9t\u00e9rioration significative de la structure en bois, mena\u00e7ant son int\u00e9grit\u00e9 structurelle. Sans une restauration rapide, ce monument historique risque de subir des dommages irr\u00e9versibles et potentiellement une perte totale.<\/p>\n<p>    <strong>Fondation du Patrimoine<\/strong>\n            <\/p><\/blockquote>\n<p>Votre r\u00e9gion, votre actu !<\/p>\n<p>Recevez chaque jour les infos qui comptent pour vous.<\/p>\n<p>\t<a href=\"https:\/\/actu.fr\/newsletter\" class=\"ac-btn ac-btn--corner ac-btn--medium ac-btn--blue800\" target=\"_blank\" rel=\"noopener\">S&rsquo;incrire<\/a><\/p>\n<p class=\" wall-content\">C\u2019est dans cette optique que la huiti\u00e8me \u00e9dition de la Mission patrimoine a \u00e9t\u00e9 lanc\u00e9e, ce qui permettra de r\u00e9colter une dotation en fin d\u2019ann\u00e9e et qui sera redistribu\u00e9e aux 120 sites s\u00e9lectionn\u00e9s partout en France.<\/p>\n<p class=\" wall-content\">Si le calendrier est respect\u00e9, les travaux de l\u2019Isma de la Valbonne doivent commencer durant le <strong>premier semestre 2026<\/strong>.<\/p>\n<p>Les sites retenus dans la r\u00e9gion<\/p>\n<p class=\" wall-content\">Dans la r\u00e9gion Provence-Alpes-C\u00f4te-d\u2019Azur, un site a \u00e9t\u00e9 choisi dans chaque d\u00e9partement.<\/p>\n<ul class=\" wall-content\">\n<li>Abbaye Notre-Dame de Lure \u00e0 Saint-Etienne-les-Orgues (04)<\/li>\n<li>Maison Calm-Gravier \u00e0 Villar-d\u2019Ar\u00eane (05)<\/li>\n<li>Ch\u00e2teau de la Calade \u00e0 Aix-en-Provence (13)<\/li>\n<li>Bastidon du domaine du Rayol au Rayol-Canadel-sur-mer (83)<\/li>\n<li>Chapelle Notre-Dame la Brune du ch\u00e2teau du Barroux (84)<\/li>\n<\/ul>\n<p class=\" wall-content\">\u00c0 noter que dans le cadre du <a href=\"https:\/\/actu.fr\/societe\/loto-du-patrimoine-2025-region-par-region-decouvrez-les-18-sites-en-peril-aides-par-la-mission-bern_62387825.html\" target=\"_blank\" rel=\"noopener\">Loto du patrimoine<\/a>, le <a href=\"https:\/\/actu.fr\/provence-alpes-cote-d-azur\/menton_06083\/pres-de-nice-ce-site-exceptionnel-dans-un-etat-critique-pourrait-etre-sauve_62388675.html\" target=\"_blank\" rel=\"noopener\">Jardin Serre de la Madone \u00e0 Menton<\/a> va \u00e9galement b\u00e9n\u00e9ficier de fonds pour sa r\u00e9novation.<\/p>\n<p class=\" wall-content\">Personnalisez votre actualit\u00e9 en ajoutant vos villes et m\u00e9dias en favori avec <a href=\"https:\/\/moncompte.actu.fr\" title=\"D\u00e9couvez Mon Actu\" rel=\"nofollow noopener\" data-trk=\"{&quot;cta&quot;:{&quot;action&quot;:&quot;https:\\\/\\\/moncompte.actu.fr&quot;,&quot;category&quot;:&quot;mon compte&quot;,&quot;from&quot;:&quot;article footer&quot;,&quot;name&quot;:&quot;Mon actu&quot;,&quot;type&quot;:&quot;cta&quot;}}\" target=\"_blank\">Mon Actu<\/a>.<\/p>\n","protected":false},"excerpt":{"rendered":"Par Ugo Maillard Publi\u00e9 le 7 sept. 2025 \u00e0 6h04 L\u2019occasion unique de sauver ce pan du patrimoine&hellip;\n","protected":false},"author":2,"featured_media":372219,"comment_status":"","ping_status":"","sticky":false,"template":"","format":"standard","meta":{"footnotes":""},"categories":[2819],"tags":[1111,11,1777,674,1011,27,1652,49505,12,2401,2551,882,25],"class_list":{"0":"post-372218","1":"post","2":"type-post","3":"status-publish","4":"format-standard","5":"has-post-thumbnail","7":"category-nice","8":"tag-actu","9":"tag-actualites","10":"tag-eu","11":"tag-europe","12":"tag-fr","13":"tag-france","14":"tag-loisirs-culture","15":"tag-mission-patrimoine","16":"tag-news","17":"tag-nice","18":"tag-patrimoine","19":"tag-provence-alpes-cote-dazur","20":"tag-republique-francaise"},"share_on_mastodon":{"url":"https:\/\/pubeurope.com\/@fr\/115161205645004649","error":""},"_links":{"self":[{"href":"https:\/\/www.europesays.com\/fr\/wp-json\/wp\/v2\/posts\/372218","targetHints":{"allow":["GET"]}}],"collection":[{"href":"https:\/\/www.europesays.com\/fr\/wp-json\/wp\/v2\/posts"}],"about":[{"href":"https:\/\/www.europesays.com\/fr\/wp-json\/wp\/v2\/types\/post"}],"author":[{"embeddable":true,"href":"https:\/\/www.europesays.com\/fr\/wp-json\/wp\/v2\/users\/2"}],"replies":[{"embeddable":true,"href":"https:\/\/www.europesays.com\/fr\/wp-json\/wp\/v2\/comments?post=372218"}],"version-history":[{"count":0,"href":"https:\/\/www.europesays.com\/fr\/wp-json\/wp\/v2\/posts\/372218\/revisions"}],"wp:featuredmedia":[{"embeddable":true,"href":"https:\/\/www.europesays.com\/fr\/wp-json\/wp\/v2\/media\/372219"}],"wp:attachment":[{"href":"https:\/\/www.europesays.com\/fr\/wp-json\/wp\/v2\/media?parent=372218"}],"wp:term":[{"taxonomy":"category","embeddable":true,"href":"https:\/\/www.europesays.com\/fr\/wp-json\/wp\/v2\/categories?post=372218"},{"taxonomy":"post_tag","embeddable":true,"href":"https:\/\/www.europesays.com\/fr\/wp-json\/wp\/v2\/tags?post=372218"}],"curies":[{"name":"wp","href":"https:\/\/api.w.org\/{rel}","templated":true}]}}